{"id":1041,"date":"2013-04-23T15:31:54","date_gmt":"2013-04-23T15:31:54","guid":{"rendered":"http:\/\/www.madehok.com\/_lesTransversales\/?p=1041"},"modified":"2013-05-28T21:11:55","modified_gmt":"2013-05-28T21:11:55","slug":"isabelle-reiher-directrice-du-cirva","status":"publish","type":"post","link":"http:\/\/www.madehok.com\/_lesTransversales\/?p=1041","title":{"rendered":"Isabelle Reiher, directrice du CIRVA"},"content":{"rendered":"<p><a href=\"http:\/\/www.madehok.com\/_lesTransversales\/wp-content\/uploads\/2013\/04\/images.jpg\"><img loading=\"lazy\" decoding=\"async\" src=\"http:\/\/www.madehok.com\/_lesTransversales\/wp-content\/uploads\/2013\/04\/images.jpg\" alt=\"\" title=\"images\" width=\"252\" height=\"200\" class=\"alignleft size-full wp-image-1054\" \/><\/a><\/p>\n<p>[audio:http:\/\/www.madehok.com\/_lesTransversales\/wp-content\/audio<br \/>\n\/Transversales_IsabelleReiher_1.mp3|titles=Les Transversales du 23 Avril 2013]<br \/>\n[audio:http:\/\/www.madehok.com\/_lesTransversales\/wp-content\/audio<br \/>\n\/Transversales_IsabelleReiher_2.mp3|titles=Les Transversales du 24 Avril 2013]<br \/>\n[audio:http:\/\/www.madehok.com\/_lesTransversales\/wp-content\/audio<br \/>\n\/Transversales_IsabelleReiher_3.mp3|titles=Les Transversales du 25 Avril 2013]<\/p>\n<p>Entretien avec Isabelle Reiher, directrice du CIRVA, Centre International du Verre et des Arts Plastiques.<br \/>\n\u00ab\u00a0Le Cirva accueille des plasticiens , designers ou architectes d\u00e9sirant introduire le verre dans leur d\u00e9marche cr\u00e9atrice&#8230;.\u00a0\u00bb<\/p>\n<p>O\u00f9 il est question de l&rsquo;exposition \u00ab\u00a0Mon Ile de Montmajour\u00a0\u00bb qui se d\u00e9roule du 5 mai au 3 novembre 2013, avec comme commissaire d&rsquo;exposition Christian Lacroix <\/p>\n<p>Dans le cadre de Marseille 2013, une carte blanche est offerte \u00e0 Christian Lacroix qui a choisi de pr\u00e9senter une s\u00e9lection d&rsquo;oeuvres issues des collections du Cirva&#8230;<\/p>\n","protected":false},"excerpt":{"rendered":"<p>[audio:http:\/\/www.madehok.com\/_lesTransversales\/wp-content\/audio \/Transversales_IsabelleReiher_1.mp3|titles=Les Transversales du 23 Avril 2013] [audio:http:\/\/www.madehok.com\/_lesTransversales\/wp-content\/audio \/Transversales_IsabelleReiher_2.mp3|titles=Les Transversales du 24 Avril 2013] [audio:http:\/\/www.madehok.com\/_lesTransversales\/wp-content\/audio \/Transversales_IsabelleReiher_3.mp3|titles=Les Transversales du 25 Avril 2013] Entretien avec Isabelle Reiher, directrice du CIRVA, Centre International du Verre et des Arts Plastiques. \u00ab\u00a0Le Cirva accueille des plasticiens , designers ou architectes d\u00e9sirant introduire le verre dans leur d\u00e9marche cr\u00e9atrice&#8230;.\u00a0\u00bb O\u00f9 il [&hellip;]<\/p>\n","protected":false},"author":1,"featured_media":0,"comment_status":"open","ping_status":"open","sticky":false,"template":"","format":"standard","meta":{"footnotes":""},"categories":[1],"tags":[],"_links":{"self":[{"href":"http:\/\/www.madehok.com\/_lesTransversales\/index.php?rest_route=\/wp\/v2\/posts\/1041"}],"collection":[{"href":"http:\/\/www.madehok.com\/_lesTransversales\/index.php?rest_route=\/wp\/v2\/posts"}],"about":[{"href":"http:\/\/www.madehok.com\/_lesTransversales\/index.php?rest_route=\/wp\/v2\/types\/post"}],"author":[{"embeddable":true,"href":"http:\/\/www.madehok.com\/_lesTransversales\/index.php?rest_route=\/wp\/v2\/users\/1"}],"replies":[{"embeddable":true,"href":"http:\/\/www.madehok.com\/_lesTransversales\/index.php?rest_route=%2Fwp%2Fv2%2Fcomments&post=1041"}],"version-history":[{"count":14,"href":"http:\/\/www.madehok.com\/_lesTransversales\/index.php?rest_route=\/wp\/v2\/posts\/1041\/revisions"}],"predecessor-version":[{"id":1045,"href":"http:\/\/www.madehok.com\/_lesTransversales\/index.php?rest_route=\/wp\/v2\/posts\/1041\/revisions\/1045"}],"wp:attachment":[{"href":"http:\/\/www.madehok.com\/_lesTransversales\/index.php?rest_route=%2Fwp%2Fv2%2Fmedia&parent=1041"}],"wp:term":[{"taxonomy":"category","embeddable":true,"href":"http:\/\/www.madehok.com\/_lesTransversales\/index.php?rest_route=%2Fwp%2Fv2%2Fcategories&post=1041"},{"taxonomy":"post_tag","embeddable":true,"href":"http:\/\/www.madehok.com\/_lesTransversales\/index.php?rest_route=%2Fwp%2Fv2%2Ftags&post=1041"}],"curies":[{"name":"wp","href":"https:\/\/api.w.org\/{rel}","templated":true}]}}