{"id":1087,"date":"2013-05-28T08:21:23","date_gmt":"2013-05-28T08:21:23","guid":{"rendered":"http:\/\/www.madehok.com\/_lesTransversales\/?p=1087"},"modified":"2013-06-15T14:36:30","modified_gmt":"2013-06-15T14:36:30","slug":"isabelle-chevalier-et-anne-perisse-di-prechac-musiciennes","status":"publish","type":"post","link":"http:\/\/www.madehok.com\/_lesTransversales\/?p=1087","title":{"rendered":"Isabelle Chevalier et Anne P\u00e9riss\u00e9 dit Pr\u00e9chacq, musiciennes"},"content":{"rendered":"<p><a href=\"http:\/\/www.madehok.com\/_lesTransversales\/wp-content\/uploads\/2013\/05\/photo1.jpg\"><img loading=\"lazy\" decoding=\"async\" src=\"http:\/\/www.madehok.com\/_lesTransversales\/wp-content\/uploads\/2013\/05\/photo1-e1370007295475-225x300.jpg\" alt=\"\" title=\"photo\" width=\"225\" height=\"300\" class=\"alignleft size-medium wp-image-1102\" srcset=\"http:\/\/www.madehok.com\/_lesTransversales\/wp-content\/uploads\/2013\/05\/photo1-e1370007295475-225x300.jpg 225w, http:\/\/www.madehok.com\/_lesTransversales\/wp-content\/uploads\/2013\/05\/photo1-e1370007295475.jpg 480w\" sizes=\"(max-width: 225px) 100vw, 225px\" \/><\/a><\/p>\n<p>[audio:http:\/\/www.madehok.com\/_lesTransversales\/wp-content\/audio<br \/>\n\/Transversales_IChevalier et APerisse_1.mp3|titles=Les Transversales du 28 Mai 2013]<br \/>\n[audio:http:\/\/www.madehok.com\/_lesTransversales\/wp-content\/audio<br \/>\n\/Transversales_IChevalier et APerisse_2.mp3|titles=Les Transversales du 29 Mai 2013]<br \/>\n[audio:http:\/\/www.madehok.com\/_lesTransversales\/wp-content\/audio<br \/>\n\/Transversales_IChevalier et APerisse_3.mp3|titles=Les Transversales du 30 Mai 2013]<\/p>\n<p>Entretien avec Isabelle Chevalier et Anne P\u00e9riss\u00e9 dit Pr\u00e9chacq<br \/>\nIsabelle Chevalier est organiste et claveciniste, elle enseigne la musique au conservatoire<br \/>\nAnne P\u00e9riss\u00e9 dit Pr\u00e9chacq, chanteuse, soprano, est sp\u00e9cialiste des musiques anciennes<\/p>\n<p>Anne-Garance Fabre di Garrus est la troisi\u00e8me musicienne, elle joue du violoncelle baroque<br \/>\n Elles forment \u00e0 elles trois \u00a0\u00bb Dulcisona\u00a0\u00bb ensemble de musiques anciennes<\/p>\n","protected":false},"excerpt":{"rendered":"<p>[audio:http:\/\/www.madehok.com\/_lesTransversales\/wp-content\/audio \/Transversales_IChevalier et APerisse_1.mp3|titles=Les Transversales du 28 Mai 2013] [audio:http:\/\/www.madehok.com\/_lesTransversales\/wp-content\/audio \/Transversales_IChevalier et APerisse_2.mp3|titles=Les Transversales du 29 Mai 2013] [audio:http:\/\/www.madehok.com\/_lesTransversales\/wp-content\/audio \/Transversales_IChevalier et APerisse_3.mp3|titles=Les Transversales du 30 Mai 2013] Entretien avec Isabelle Chevalier et Anne P\u00e9riss\u00e9 dit Pr\u00e9chacq Isabelle Chevalier est organiste et claveciniste, elle enseigne la musique au conservatoire Anne P\u00e9riss\u00e9 dit Pr\u00e9chacq, chanteuse, soprano, est [&hellip;]<\/p>\n","protected":false},"author":1,"featured_media":0,"comment_status":"open","ping_status":"open","sticky":false,"template":"","format":"standard","meta":{"footnotes":""},"categories":[1],"tags":[],"_links":{"self":[{"href":"http:\/\/www.madehok.com\/_lesTransversales\/index.php?rest_route=\/wp\/v2\/posts\/1087"}],"collection":[{"href":"http:\/\/www.madehok.com\/_lesTransversales\/index.php?rest_route=\/wp\/v2\/posts"}],"about":[{"href":"http:\/\/www.madehok.com\/_lesTransversales\/index.php?rest_route=\/wp\/v2\/types\/post"}],"author":[{"embeddable":true,"href":"http:\/\/www.madehok.com\/_lesTransversales\/index.php?rest_route=\/wp\/v2\/users\/1"}],"replies":[{"embeddable":true,"href":"http:\/\/www.madehok.com\/_lesTransversales\/index.php?rest_route=%2Fwp%2Fv2%2Fcomments&post=1087"}],"version-history":[{"count":8,"href":"http:\/\/www.madehok.com\/_lesTransversales\/index.php?rest_route=\/wp\/v2\/posts\/1087\/revisions"}],"predecessor-version":[{"id":1103,"href":"http:\/\/www.madehok.com\/_lesTransversales\/index.php?rest_route=\/wp\/v2\/posts\/1087\/revisions\/1103"}],"wp:attachment":[{"href":"http:\/\/www.madehok.com\/_lesTransversales\/index.php?rest_route=%2Fwp%2Fv2%2Fmedia&parent=1087"}],"wp:term":[{"taxonomy":"category","embeddable":true,"href":"http:\/\/www.madehok.com\/_lesTransversales\/index.php?rest_route=%2Fwp%2Fv2%2Fcategories&post=1087"},{"taxonomy":"post_tag","embeddable":true,"href":"http:\/\/www.madehok.com\/_lesTransversales\/index.php?rest_route=%2Fwp%2Fv2%2Ftags&post=1087"}],"curies":[{"name":"wp","href":"https:\/\/api.w.org\/{rel}","templated":true}]}}