{"id":1271,"date":"2013-07-24T12:59:21","date_gmt":"2013-07-24T12:59:21","guid":{"rendered":"http:\/\/www.madehok.com\/_lesTransversales\/?p=1271"},"modified":"2013-08-06T06:40:16","modified_gmt":"2013-08-06T06:40:16","slug":"marie-paule-vial-directrice-du-musee-de-lorangerie","status":"publish","type":"post","link":"http:\/\/www.madehok.com\/_lesTransversales\/?p=1271","title":{"rendered":"Marie-Paule Vial, directrice du mus\u00e9e de l&rsquo;Orangerie"},"content":{"rendered":"<p><a href=\"http:\/\/www.madehok.com\/_lesTransversales\/wp-content\/uploads\/2013\/07\/photo1.jpg\"><img loading=\"lazy\" decoding=\"async\" src=\"http:\/\/www.madehok.com\/_lesTransversales\/wp-content\/uploads\/2013\/07\/photo1-300x225.jpg\" alt=\"photo\" width=\"300\" height=\"225\" class=\"alignleft size-medium wp-image-1276\" srcset=\"http:\/\/www.madehok.com\/_lesTransversales\/wp-content\/uploads\/2013\/07\/photo1-300x225.jpg 300w, http:\/\/www.madehok.com\/_lesTransversales\/wp-content\/uploads\/2013\/07\/photo1.jpg 640w\" sizes=\"(max-width: 300px) 100vw, 300px\" \/><\/a><\/p>\n<p>[audio:http:\/\/www.madehok.com\/_lesTransversales\/wp-content\/audio<br \/>\n\/Transversales_MariePauleVial_1.mp3|titles=Les Transversales du 23 Juillet 2013]<br \/>\n[audio:http:\/\/www.madehok.com\/_lesTransversales\/wp-content\/audio<br \/>\n\/Transversales_MariePauleVial_2.mp3|titles=Les Transversales du 24 Juillet 2013]<br \/>\n[audio:http:\/\/www.madehok.com\/_lesTransversales\/wp-content\/audio<br \/>\n\/Transversales_MariePauleVial_3.mp3|titles=Les Transversales du 25 Juillet 2013]<\/p>\n<p>A propos de l&rsquo;exposition \u00ab\u00a0Le Grand Atelier du Midi\u00a0\u00bb, exposition en diptyque  dont Marie-Paule Vial  partage le commissariat avec Bruno Ely , lui pour le volet aixois au mus\u00e9e Granet et elle m\u00eame pour le volet marseillais au palais Longchamp<br \/>\nC\u2019est \u00a0\u00bb Le Grand Atelier du Midi, de Van Gogh \u00e0 Bonnard, de C\u00e9zanne  \u00e0 Matisse \u00a0\u00bb<br \/>\nExposition qui se d\u00e9roule depuis le 13 juin et jusqu\u2019au 13 Octobre 2013<\/p>\n<p>Marie-Paule Vial est conservateur en chef du patrimoine et depuis 2011  la directrice du mus\u00e9e de l\u2019Orangerie \u00e0  Paris.<\/p>\n","protected":false},"excerpt":{"rendered":"<p>[audio:http:\/\/www.madehok.com\/_lesTransversales\/wp-content\/audio \/Transversales_MariePauleVial_1.mp3|titles=Les Transversales du 23 Juillet 2013] [audio:http:\/\/www.madehok.com\/_lesTransversales\/wp-content\/audio \/Transversales_MariePauleVial_2.mp3|titles=Les Transversales du 24 Juillet 2013] [audio:http:\/\/www.madehok.com\/_lesTransversales\/wp-content\/audio \/Transversales_MariePauleVial_3.mp3|titles=Les Transversales du 25 Juillet 2013] A propos de l&rsquo;exposition \u00ab\u00a0Le Grand Atelier du Midi\u00a0\u00bb, exposition en diptyque dont Marie-Paule Vial partage le commissariat avec Bruno Ely , lui pour le volet aixois au mus\u00e9e Granet et elle m\u00eame pour [&hellip;]<\/p>\n","protected":false},"author":1,"featured_media":0,"comment_status":"open","ping_status":"open","sticky":false,"template":"","format":"standard","meta":{"footnotes":""},"categories":[1],"tags":[],"_links":{"self":[{"href":"http:\/\/www.madehok.com\/_lesTransversales\/index.php?rest_route=\/wp\/v2\/posts\/1271"}],"collection":[{"href":"http:\/\/www.madehok.com\/_lesTransversales\/index.php?rest_route=\/wp\/v2\/posts"}],"about":[{"href":"http:\/\/www.madehok.com\/_lesTransversales\/index.php?rest_route=\/wp\/v2\/types\/post"}],"author":[{"embeddable":true,"href":"http:\/\/www.madehok.com\/_lesTransversales\/index.php?rest_route=\/wp\/v2\/users\/1"}],"replies":[{"embeddable":true,"href":"http:\/\/www.madehok.com\/_lesTransversales\/index.php?rest_route=%2Fwp%2Fv2%2Fcomments&post=1271"}],"version-history":[{"count":13,"href":"http:\/\/www.madehok.com\/_lesTransversales\/index.php?rest_route=\/wp\/v2\/posts\/1271\/revisions"}],"predecessor-version":[{"id":1285,"href":"http:\/\/www.madehok.com\/_lesTransversales\/index.php?rest_route=\/wp\/v2\/posts\/1271\/revisions\/1285"}],"wp:attachment":[{"href":"http:\/\/www.madehok.com\/_lesTransversales\/index.php?rest_route=%2Fwp%2Fv2%2Fmedia&parent=1271"}],"wp:term":[{"taxonomy":"category","embeddable":true,"href":"http:\/\/www.madehok.com\/_lesTransversales\/index.php?rest_route=%2Fwp%2Fv2%2Fcategories&post=1271"},{"taxonomy":"post_tag","embeddable":true,"href":"http:\/\/www.madehok.com\/_lesTransversales\/index.php?rest_route=%2Fwp%2Fv2%2Ftags&post=1271"}],"curies":[{"name":"wp","href":"https:\/\/api.w.org\/{rel}","templated":true}]}}