{"id":1374,"date":"2013-11-21T11:36:08","date_gmt":"2013-11-21T11:36:08","guid":{"rendered":"http:\/\/www.madehok.com\/_lesTransversales\/?p=1374"},"modified":"2013-11-24T15:54:50","modified_gmt":"2013-11-24T15:54:50","slug":"haim-menahem-acteur-metteur-en-scene-et-dircteur-de-theatre-joliette-minoterie","status":"publish","type":"post","link":"http:\/\/www.madehok.com\/_lesTransversales\/?p=1374","title":{"rendered":"Ha\u00efm Menahem acteur , metteur en sc\u00e8ne et co-directeur du th\u00e9atre Joliette Minoterie"},"content":{"rendered":"<p><a href=\"http:\/\/www.madehok.com\/_lesTransversales\/wp-content\/uploads\/2013\/11\/photo2.jpg\"><img loading=\"lazy\" decoding=\"async\" src=\"http:\/\/www.madehok.com\/_lesTransversales\/wp-content\/uploads\/2013\/11\/photo2-300x225.jpg\" alt=\"photo\" width=\"300\" height=\"225\" class=\"alignleft size-medium wp-image-1379\" srcset=\"http:\/\/www.madehok.com\/_lesTransversales\/wp-content\/uploads\/2013\/11\/photo2-300x225.jpg 300w, http:\/\/www.madehok.com\/_lesTransversales\/wp-content\/uploads\/2013\/11\/photo2.jpg 640w\" sizes=\"(max-width: 300px) 100vw, 300px\" \/><\/a><\/p>\n<p>[audio:http:\/\/www.madehok.com\/_lesTransversales\/wp-content\/audio<br \/>\n\/Transversales_HaimMenahem_1.mp3|titles=Les Transversales du 19 novembre 2013]<br \/>\n[audio:http:\/\/www.madehok.com\/_lesTransversales\/wp-content\/audio<br \/>\n\/Transversales_HaimMenahem_2.mp3|titles=Les Transversales du 20 Novembre 2013]<br \/>\n[audio:http:\/\/www.madehok.com\/_lesTransversales\/wp-content\/audio<br \/>\n\/Transversales_HaimMenahem_3.mp3|titles=Les Transversales du 21 Novembre 2013]<\/p>\n<p>Haim Menahem est fondateur et co directeur avec Pierrette Monticelli du th\u00e9\u00e2tre Joliette Minoterie <\/p>\n<p>A partir du 21 novembre jusqu\u2019au 29 , on peut le voir sur la sc\u00e8ne du th\u00e9\u00e2tre Joliette Minoterie dans la derni\u00e8re cr\u00e9ation de la compagnie Th\u00e9\u00e2tre provisoire<br \/>\nIl s\u2019agit d\u2019une adaptation de Fuck America d\u2019apr\u00e8s Edgar Hilsenrath, il est accompagn\u00e9 en musique par le saxophoniste David Rueff<\/p>\n<p> www.theatrejoliette.fr<\/p>\n","protected":false},"excerpt":{"rendered":"<p>[audio:http:\/\/www.madehok.com\/_lesTransversales\/wp-content\/audio \/Transversales_HaimMenahem_1.mp3|titles=Les Transversales du 19 novembre 2013] [audio:http:\/\/www.madehok.com\/_lesTransversales\/wp-content\/audio \/Transversales_HaimMenahem_2.mp3|titles=Les Transversales du 20 Novembre 2013] [audio:http:\/\/www.madehok.com\/_lesTransversales\/wp-content\/audio \/Transversales_HaimMenahem_3.mp3|titles=Les Transversales du 21 Novembre 2013] Haim Menahem est fondateur et co directeur avec Pierrette Monticelli du th\u00e9\u00e2tre Joliette Minoterie A partir du 21 novembre jusqu\u2019au 29 , on peut le voir sur la sc\u00e8ne du th\u00e9\u00e2tre Joliette Minoterie dans [&hellip;]<\/p>\n","protected":false},"author":1,"featured_media":0,"comment_status":"open","ping_status":"open","sticky":false,"template":"","format":"standard","meta":{"footnotes":""},"categories":[1],"tags":[],"_links":{"self":[{"href":"http:\/\/www.madehok.com\/_lesTransversales\/index.php?rest_route=\/wp\/v2\/posts\/1374"}],"collection":[{"href":"http:\/\/www.madehok.com\/_lesTransversales\/index.php?rest_route=\/wp\/v2\/posts"}],"about":[{"href":"http:\/\/www.madehok.com\/_lesTransversales\/index.php?rest_route=\/wp\/v2\/types\/post"}],"author":[{"embeddable":true,"href":"http:\/\/www.madehok.com\/_lesTransversales\/index.php?rest_route=\/wp\/v2\/users\/1"}],"replies":[{"embeddable":true,"href":"http:\/\/www.madehok.com\/_lesTransversales\/index.php?rest_route=%2Fwp%2Fv2%2Fcomments&post=1374"}],"version-history":[{"count":9,"href":"http:\/\/www.madehok.com\/_lesTransversales\/index.php?rest_route=\/wp\/v2\/posts\/1374\/revisions"}],"predecessor-version":[{"id":1387,"href":"http:\/\/www.madehok.com\/_lesTransversales\/index.php?rest_route=\/wp\/v2\/posts\/1374\/revisions\/1387"}],"wp:attachment":[{"href":"http:\/\/www.madehok.com\/_lesTransversales\/index.php?rest_route=%2Fwp%2Fv2%2Fmedia&parent=1374"}],"wp:term":[{"taxonomy":"category","embeddable":true,"href":"http:\/\/www.madehok.com\/_lesTransversales\/index.php?rest_route=%2Fwp%2Fv2%2Fcategories&post=1374"},{"taxonomy":"post_tag","embeddable":true,"href":"http:\/\/www.madehok.com\/_lesTransversales\/index.php?rest_route=%2Fwp%2Fv2%2Ftags&post=1374"}],"curies":[{"name":"wp","href":"https:\/\/api.w.org\/{rel}","templated":true}]}}