{"id":1466,"date":"2014-01-30T09:11:59","date_gmt":"2014-01-30T09:11:59","guid":{"rendered":"http:\/\/www.madehok.com\/_lesTransversales\/?p=1466"},"modified":"2014-02-02T11:34:26","modified_gmt":"2014-02-02T11:34:26","slug":"jean-marc-diebold-directeur-adjoint-du-theatre-du-merlan","status":"publish","type":"post","link":"http:\/\/www.madehok.com\/_lesTransversales\/?p=1466","title":{"rendered":"Jean-Marc Di\u00e9bold, directeur adjoint du th\u00e9\u00e2tre du Merlan"},"content":{"rendered":"<p><a href=\"http:\/\/www.madehok.com\/_lesTransversales\/wp-content\/uploads\/2014\/01\/images1.jpg\"><img loading=\"lazy\" decoding=\"async\" src=\"http:\/\/www.madehok.com\/_lesTransversales\/wp-content\/uploads\/2014\/01\/images1.jpg\" alt=\"images\" width=\"202\" height=\"249\" class=\"alignnone size-full wp-image-1474\" \/><\/a><\/p>\n<p>[audio:http:\/\/www.madehok.com\/_lesTransversales\/wp-content\/audio\/Transversales_JMDiebold_1.mp3|titles=Les Transversales du 28 Janvier 2014]<br \/>\n[audio:http:\/\/www.madehok.com\/_lesTransversales\/wp-content\/audio\/Transversales_JMDiebold_2.mp3|titles=Les Transversales du 29 Janvier 2014]<br \/>\n[audio:http:\/\/www.madehok.com\/_lesTransversales\/wp-content\/audio\/Transversales_JMDiebold_3.mp3|titles=Les Transversales du 30 Janvier 2014]<\/p>\n<p>Jean-Marc Di\u00e9bold , fait pour nous un \u00e9tat des lieux du th\u00e9\u00e2tre du Merlan \u00e0 ce jour , apr\u00e8s 2013 ann\u00e9e \u00ab\u00a0capitale\u00a0\u00bb pour Marseille.<br \/>\nIl nous entretient  de la nouvelle saison th\u00e9atrale du Merlan , depuis janvier 2014 jusqu&rsquo;au mois de Juillet <\/p>\n","protected":false},"excerpt":{"rendered":"<p>[audio:http:\/\/www.madehok.com\/_lesTransversales\/wp-content\/audio\/Transversales_JMDiebold_1.mp3|titles=Les Transversales du 28 Janvier 2014] [audio:http:\/\/www.madehok.com\/_lesTransversales\/wp-content\/audio\/Transversales_JMDiebold_2.mp3|titles=Les Transversales du 29 Janvier 2014] [audio:http:\/\/www.madehok.com\/_lesTransversales\/wp-content\/audio\/Transversales_JMDiebold_3.mp3|titles=Les Transversales du 30 Janvier 2014] Jean-Marc Di\u00e9bold , fait pour nous un \u00e9tat des lieux du th\u00e9\u00e2tre du Merlan \u00e0 ce jour , apr\u00e8s 2013 ann\u00e9e \u00ab\u00a0capitale\u00a0\u00bb pour Marseille. Il nous entretient de la nouvelle saison th\u00e9atrale du Merlan , depuis janvier [&hellip;]<\/p>\n","protected":false},"author":1,"featured_media":0,"comment_status":"open","ping_status":"open","sticky":false,"template":"","format":"standard","meta":{"footnotes":""},"categories":[1],"tags":[],"_links":{"self":[{"href":"http:\/\/www.madehok.com\/_lesTransversales\/index.php?rest_route=\/wp\/v2\/posts\/1466"}],"collection":[{"href":"http:\/\/www.madehok.com\/_lesTransversales\/index.php?rest_route=\/wp\/v2\/posts"}],"about":[{"href":"http:\/\/www.madehok.com\/_lesTransversales\/index.php?rest_route=\/wp\/v2\/types\/post"}],"author":[{"embeddable":true,"href":"http:\/\/www.madehok.com\/_lesTransversales\/index.php?rest_route=\/wp\/v2\/users\/1"}],"replies":[{"embeddable":true,"href":"http:\/\/www.madehok.com\/_lesTransversales\/index.php?rest_route=%2Fwp%2Fv2%2Fcomments&post=1466"}],"version-history":[{"count":14,"href":"http:\/\/www.madehok.com\/_lesTransversales\/index.php?rest_route=\/wp\/v2\/posts\/1466\/revisions"}],"predecessor-version":[{"id":1483,"href":"http:\/\/www.madehok.com\/_lesTransversales\/index.php?rest_route=\/wp\/v2\/posts\/1466\/revisions\/1483"}],"wp:attachment":[{"href":"http:\/\/www.madehok.com\/_lesTransversales\/index.php?rest_route=%2Fwp%2Fv2%2Fmedia&parent=1466"}],"wp:term":[{"taxonomy":"category","embeddable":true,"href":"http:\/\/www.madehok.com\/_lesTransversales\/index.php?rest_route=%2Fwp%2Fv2%2Fcategories&post=1466"},{"taxonomy":"post_tag","embeddable":true,"href":"http:\/\/www.madehok.com\/_lesTransversales\/index.php?rest_route=%2Fwp%2Fv2%2Ftags&post=1466"}],"curies":[{"name":"wp","href":"https:\/\/api.w.org\/{rel}","templated":true}]}}