{"id":1537,"date":"2014-02-26T08:12:46","date_gmt":"2014-02-26T08:12:46","guid":{"rendered":"http:\/\/www.madehok.com\/_lesTransversales\/?p=1537"},"modified":"2014-03-16T16:11:15","modified_gmt":"2014-03-16T16:11:15","slug":"pascal-neveux-directeur-du-frac-paca","status":"publish","type":"post","link":"http:\/\/www.madehok.com\/_lesTransversales\/?p=1537","title":{"rendered":"Pascal Neveux, directeur du FRAC PACA"},"content":{"rendered":"<p><a href=\"http:\/\/www.madehok.com\/_lesTransversales\/wp-content\/uploads\/2014\/02\/index1.jpg\"><img loading=\"lazy\" decoding=\"async\" src=\"http:\/\/www.madehok.com\/_lesTransversales\/wp-content\/uploads\/2014\/02\/index1.jpg\" alt=\"index\" width=\"212\" height=\"237\" class=\"alignnone size-full wp-image-1563\" \/><\/a><\/p>\n<p>[audio:http:\/\/www.madehok.com\/_lesTransversales\/wp-content\/audio<br \/>\n\/Transversales_PNeveux_1.mp3|titles=Les Transversales du 25 fevrier 2014]<br \/>\n[audio:http:\/\/www.madehok.com\/_lesTransversales\/wp-content\/audio<br \/>\n\/Transversales_PNeveux_2.mp3|titles=Les Transversales du 26 Fevrier 2014]<br \/>\n[audio:http:\/\/www.madehok.com\/_lesTransversales\/wp-content\/audio<br \/>\n\/Transversales_PNeveux_3.mp3|titles=Les Transversales du 27 Fevrier 2014]<\/p>\n<p>Entretien avec Pascal Neveux, directeur du Fond R\u00e9gional d&rsquo;Art Contemporain de la r\u00e9gion Paca<br \/>\nil nous parle des Frac, ce qu&rsquo;ils sont, leurs missions<br \/>\nDans le cadre des 30 ans des Frac, \u00e0 Marseille on peut voir une exposition consacr\u00e9e aux \u00ab\u00a0Nouvelles architectures\u00a0\u00bb des six Frac dits de nouvelle g\u00e9n\u00e9ration<br \/>\n\u00ab\u00a0Habiter l&rsquo;inhabituel\u00a0\u00bb de l&rsquo;artiste Eric Hattan<\/p>\n<p>le Frac Paca est maintenant install\u00e9 en plein c\u0153ur du quartier de la Joliette, 20 bd de Dunkerque 13002 Marseille<\/p>\n","protected":false},"excerpt":{"rendered":"<p>[audio:http:\/\/www.madehok.com\/_lesTransversales\/wp-content\/audio \/Transversales_PNeveux_1.mp3|titles=Les Transversales du 25 fevrier 2014] [audio:http:\/\/www.madehok.com\/_lesTransversales\/wp-content\/audio \/Transversales_PNeveux_2.mp3|titles=Les Transversales du 26 Fevrier 2014] [audio:http:\/\/www.madehok.com\/_lesTransversales\/wp-content\/audio \/Transversales_PNeveux_3.mp3|titles=Les Transversales du 27 Fevrier 2014] Entretien avec Pascal Neveux, directeur du Fond R\u00e9gional d&rsquo;Art Contemporain de la r\u00e9gion Paca il nous parle des Frac, ce qu&rsquo;ils sont, leurs missions Dans le cadre des 30 ans des Frac, \u00e0 Marseille [&hellip;]<\/p>\n","protected":false},"author":1,"featured_media":0,"comment_status":"open","ping_status":"open","sticky":false,"template":"","format":"standard","meta":{"footnotes":""},"categories":[1],"tags":[],"_links":{"self":[{"href":"http:\/\/www.madehok.com\/_lesTransversales\/index.php?rest_route=\/wp\/v2\/posts\/1537"}],"collection":[{"href":"http:\/\/www.madehok.com\/_lesTransversales\/index.php?rest_route=\/wp\/v2\/posts"}],"about":[{"href":"http:\/\/www.madehok.com\/_lesTransversales\/index.php?rest_route=\/wp\/v2\/types\/post"}],"author":[{"embeddable":true,"href":"http:\/\/www.madehok.com\/_lesTransversales\/index.php?rest_route=\/wp\/v2\/users\/1"}],"replies":[{"embeddable":true,"href":"http:\/\/www.madehok.com\/_lesTransversales\/index.php?rest_route=%2Fwp%2Fv2%2Fcomments&post=1537"}],"version-history":[{"count":16,"href":"http:\/\/www.madehok.com\/_lesTransversales\/index.php?rest_route=\/wp\/v2\/posts\/1537\/revisions"}],"predecessor-version":[{"id":1540,"href":"http:\/\/www.madehok.com\/_lesTransversales\/index.php?rest_route=\/wp\/v2\/posts\/1537\/revisions\/1540"}],"wp:attachment":[{"href":"http:\/\/www.madehok.com\/_lesTransversales\/index.php?rest_route=%2Fwp%2Fv2%2Fmedia&parent=1537"}],"wp:term":[{"taxonomy":"category","embeddable":true,"href":"http:\/\/www.madehok.com\/_lesTransversales\/index.php?rest_route=%2Fwp%2Fv2%2Fcategories&post=1537"},{"taxonomy":"post_tag","embeddable":true,"href":"http:\/\/www.madehok.com\/_lesTransversales\/index.php?rest_route=%2Fwp%2Fv2%2Ftags&post=1537"}],"curies":[{"name":"wp","href":"https:\/\/api.w.org\/{rel}","templated":true}]}}