{"id":164,"date":"2012-03-12T18:19:35","date_gmt":"2012-03-12T18:19:35","guid":{"rendered":"http:\/\/www.madehok.com\/_lesTransversales\/?p=164"},"modified":"2012-04-23T15:16:21","modified_gmt":"2012-04-23T15:16:21","slug":"gerard-eppele-et-yves-gnaegy","status":"publish","type":"post","link":"http:\/\/www.madehok.com\/_lesTransversales\/?p=164","title":{"rendered":"Gerard Eppel\u00e9 et Yves Gnaegy, galerie Anna Tschopp"},"content":{"rendered":"<p><a href=\"http:\/\/www.madehok.com\/_lesTransversales\/wp-content\/uploads\/2012\/03\/photo1.jpg\"><img loading=\"lazy\" decoding=\"async\" src=\"http:\/\/www.madehok.com\/_lesTransversales\/wp-content\/uploads\/2012\/03\/photo1.jpg\" alt=\"\" title=\"photo\" width=\"320\" height=\"240\" class=\"alignnone size-full wp-image-176\" srcset=\"http:\/\/www.madehok.com\/_lesTransversales\/wp-content\/uploads\/2012\/03\/photo1.jpg 320w, http:\/\/www.madehok.com\/_lesTransversales\/wp-content\/uploads\/2012\/03\/photo1-300x225.jpg 300w\" sizes=\"(max-width: 320px) 100vw, 320px\" \/><\/a><\/p>\n<p>[audio:http:\/\/www.madehok.com\/_lesTransversales\/wp-content\/audio<br \/>\n\/Transversales_G\u00e9rardEppel\u00e9_1.mp3|titles=Les Transversales du 13 Mars 2012]<br \/>\n[audio:http:\/\/www.madehok.com\/_lesTransversales\/wp-content\/audio\/Transversales_G\u00e9rardEppel\u00e9_2.mp3|titles=Les Transversales du 14 Mars 2012]<br \/>\n[audio:http:\/\/www.madehok.com\/_lesTransversales\/wp-content\/audio\/Transversales_G\u00e9rardEppel\u00e9_3.mp3|titles=Les Transversales du 15 mars 2012]<\/p>\n<p>Entretien avec Gerard Eppel\u00e9, peintre , sculpteur, dessinateur et Yves Gnaegy,<br \/>\nA propos de l&rsquo;exposition: \u00ab\u00a0Le survivant de Varsovie\u00a0\u00bb , s\u00e9rie de dessins \u00e0 la galerie Anna Tschopp<br \/>\nDiffus\u00e9 les <strong> 13 , 14 et 15 Mars 2012<\/strong> sur Radio JM.<\/p>\n","protected":false},"excerpt":{"rendered":"<p>[audio:http:\/\/www.madehok.com\/_lesTransversales\/wp-content\/audio \/Transversales_G\u00e9rardEppel\u00e9_1.mp3|titles=Les Transversales du 13 Mars 2012] [audio:http:\/\/www.madehok.com\/_lesTransversales\/wp-content\/audio\/Transversales_G\u00e9rardEppel\u00e9_2.mp3|titles=Les Transversales du 14 Mars 2012] [audio:http:\/\/www.madehok.com\/_lesTransversales\/wp-content\/audio\/Transversales_G\u00e9rardEppel\u00e9_3.mp3|titles=Les Transversales du 15 mars 2012] Entretien avec Gerard Eppel\u00e9, peintre , sculpteur, dessinateur et Yves Gnaegy, A propos de l&rsquo;exposition: \u00ab\u00a0Le survivant de Varsovie\u00a0\u00bb , s\u00e9rie de dessins \u00e0 la galerie Anna Tschopp Diffus\u00e9 les 13 , 14 et 15 Mars [&hellip;]<\/p>\n","protected":false},"author":1,"featured_media":0,"comment_status":"open","ping_status":"open","sticky":false,"template":"","format":"standard","meta":{"footnotes":""},"categories":[1],"tags":[],"_links":{"self":[{"href":"http:\/\/www.madehok.com\/_lesTransversales\/index.php?rest_route=\/wp\/v2\/posts\/164"}],"collection":[{"href":"http:\/\/www.madehok.com\/_lesTransversales\/index.php?rest_route=\/wp\/v2\/posts"}],"about":[{"href":"http:\/\/www.madehok.com\/_lesTransversales\/index.php?rest_route=\/wp\/v2\/types\/post"}],"author":[{"embeddable":true,"href":"http:\/\/www.madehok.com\/_lesTransversales\/index.php?rest_route=\/wp\/v2\/users\/1"}],"replies":[{"embeddable":true,"href":"http:\/\/www.madehok.com\/_lesTransversales\/index.php?rest_route=%2Fwp%2Fv2%2Fcomments&post=164"}],"version-history":[{"count":12,"href":"http:\/\/www.madehok.com\/_lesTransversales\/index.php?rest_route=\/wp\/v2\/posts\/164\/revisions"}],"predecessor-version":[{"id":167,"href":"http:\/\/www.madehok.com\/_lesTransversales\/index.php?rest_route=\/wp\/v2\/posts\/164\/revisions\/167"}],"wp:attachment":[{"href":"http:\/\/www.madehok.com\/_lesTransversales\/index.php?rest_route=%2Fwp%2Fv2%2Fmedia&parent=164"}],"wp:term":[{"taxonomy":"category","embeddable":true,"href":"http:\/\/www.madehok.com\/_lesTransversales\/index.php?rest_route=%2Fwp%2Fv2%2Fcategories&post=164"},{"taxonomy":"post_tag","embeddable":true,"href":"http:\/\/www.madehok.com\/_lesTransversales\/index.php?rest_route=%2Fwp%2Fv2%2Ftags&post=164"}],"curies":[{"name":"wp","href":"https:\/\/api.w.org\/{rel}","templated":true}]}}