{"id":1951,"date":"2015-02-24T15:11:09","date_gmt":"2015-02-24T15:11:09","guid":{"rendered":"http:\/\/www.madehok.com\/_lesTransversales\/?p=1951"},"modified":"2015-02-27T09:09:41","modified_gmt":"2015-02-27T09:09:41","slug":"emio-greco-danseur-choregraphe-co-directeur-artistique-du-ballet-national-de-marseille","status":"publish","type":"post","link":"http:\/\/www.madehok.com\/_lesTransversales\/?p=1951","title":{"rendered":"Emio Greco, danseur, chor\u00e9graphe, co-directeur artistique du Ballet national de Marseille"},"content":{"rendered":"<p><a href=\"http:\/\/www.madehok.com\/_lesTransversales\/wp-content\/uploads\/2015\/02\/index2.jpeg\"><img loading=\"lazy\" decoding=\"async\" src=\"http:\/\/www.madehok.com\/_lesTransversales\/wp-content\/uploads\/2015\/02\/index2.jpeg\" alt=\"index\" width=\"275\" height=\"183\" class=\"alignnone size-full wp-image-1961\" \/><\/a><\/p>\n<p>[audio:http:\/\/www.madehok.com\/_lesTransversales\/wp-content\/audio<br \/>\n\/Transversales_EGreco_1.mp3|titles=Les Transversales du 24 Fevrier 2015]<br \/>\n[audio:http:\/\/www.madehok.com\/_lesTransversales\/wp-content\/audio<br \/>\n\/Transversales_EGreco_2.mp3|titles=Les Transversales du 25 Fevrier 2015]<br \/>\n[audio:http:\/\/www.madehok.com\/_lesTransversales\/wp-content\/audio<br \/>\n\/Transversales_EGreco_3.mp3|titles=Les Transversales du 26 Fevrier 2015]  <\/p>\n<p>Emio Greco et Peter C.Scholten sont les nouveaux directeurs artistiques du Ballet National de Marseille<br \/>\nUne double signature pour une aventure chor\u00e9graphique qui se poursuit depuis  20 ans<br \/>\nMoi Amsterdam , ICK Centre Chor\u00e9graphique International c\u2019est le nom de la compagnie qu&rsquo;ils ont fond\u00e9e \u00e0 Amsterdam<br \/>\nEmio Greco, est n\u00e9 en Italie, il est danseur et chor\u00e9graphe,  Peter C.Scholten, est metteur en scene, chor\u00e9graphe , dramaturge,  il vient du th\u00e9\u00e2tre alternatif n\u00e9erlandais<br \/>\nLeur derni\u00e8re cr\u00e9ation intitul\u00e9e le \u00ab\u00a0corps du ballet national de Marseille\u00a0\u00bb sera sur la sc\u00e8ne les 14 et 15 mars au theatre de la cri\u00e9e. <\/p>\n","protected":false},"excerpt":{"rendered":"<p>[audio:http:\/\/www.madehok.com\/_lesTransversales\/wp-content\/audio \/Transversales_EGreco_1.mp3|titles=Les Transversales du 24 Fevrier 2015] [audio:http:\/\/www.madehok.com\/_lesTransversales\/wp-content\/audio \/Transversales_EGreco_2.mp3|titles=Les Transversales du 25 Fevrier 2015] [audio:http:\/\/www.madehok.com\/_lesTransversales\/wp-content\/audio \/Transversales_EGreco_3.mp3|titles=Les Transversales du 26 Fevrier 2015] Emio Greco et Peter C.Scholten sont les nouveaux directeurs artistiques du Ballet National de Marseille Une double signature pour une aventure chor\u00e9graphique qui se poursuit depuis 20 ans Moi Amsterdam , ICK Centre Chor\u00e9graphique [&hellip;]<\/p>\n","protected":false},"author":1,"featured_media":0,"comment_status":"open","ping_status":"open","sticky":false,"template":"","format":"standard","meta":{"footnotes":""},"categories":[1],"tags":[],"_links":{"self":[{"href":"http:\/\/www.madehok.com\/_lesTransversales\/index.php?rest_route=\/wp\/v2\/posts\/1951"}],"collection":[{"href":"http:\/\/www.madehok.com\/_lesTransversales\/index.php?rest_route=\/wp\/v2\/posts"}],"about":[{"href":"http:\/\/www.madehok.com\/_lesTransversales\/index.php?rest_route=\/wp\/v2\/types\/post"}],"author":[{"embeddable":true,"href":"http:\/\/www.madehok.com\/_lesTransversales\/index.php?rest_route=\/wp\/v2\/users\/1"}],"replies":[{"embeddable":true,"href":"http:\/\/www.madehok.com\/_lesTransversales\/index.php?rest_route=%2Fwp%2Fv2%2Fcomments&post=1951"}],"version-history":[{"count":10,"href":"http:\/\/www.madehok.com\/_lesTransversales\/index.php?rest_route=\/wp\/v2\/posts\/1951\/revisions"}],"predecessor-version":[{"id":1959,"href":"http:\/\/www.madehok.com\/_lesTransversales\/index.php?rest_route=\/wp\/v2\/posts\/1951\/revisions\/1959"}],"wp:attachment":[{"href":"http:\/\/www.madehok.com\/_lesTransversales\/index.php?rest_route=%2Fwp%2Fv2%2Fmedia&parent=1951"}],"wp:term":[{"taxonomy":"category","embeddable":true,"href":"http:\/\/www.madehok.com\/_lesTransversales\/index.php?rest_route=%2Fwp%2Fv2%2Fcategories&post=1951"},{"taxonomy":"post_tag","embeddable":true,"href":"http:\/\/www.madehok.com\/_lesTransversales\/index.php?rest_route=%2Fwp%2Fv2%2Ftags&post=1951"}],"curies":[{"name":"wp","href":"https:\/\/api.w.org\/{rel}","templated":true}]}}