{"id":2065,"date":"2015-05-18T06:44:15","date_gmt":"2015-05-18T06:44:15","guid":{"rendered":"http:\/\/www.madehok.com\/_lesTransversales\/?p=2065"},"modified":"2015-05-18T18:17:31","modified_gmt":"2015-05-18T18:17:31","slug":"xavier-nataf-2","status":"publish","type":"post","link":"http:\/\/www.madehok.com\/_lesTransversales\/?p=2065","title":{"rendered":"Xavier Nataf"},"content":{"rendered":"<p>[audio:http:\/\/www.madehok.com\/_lesTransversales\/wp-content\/audio<br \/>\n\/Transversales_XavierNataf_1.mp3|titles=Les Transversales du 05 Mai 2015]<br \/>\n[audio:http:\/\/www.madehok.com\/_lesTransversales\/wp-content\/audio<br \/>\n\/Transversales_XavierNataf_2.mp3|titles=Les Transversales du 06 Mai 2015]<br \/>\n[audio:http:\/\/www.madehok.com\/_lesTransversales\/wp-content\/audio<br \/>\n\/Transversales_XavierNataf_3.mp3|titles=Les Transversales du 07 Mai 2015]<\/p>\n<p>Un entretien avec Xavier Nataf, charg\u00e9 de mission aupr\u00e8s du FSJU, Fonds Social Juif Unifi\u00e9 et l\u2019AUJF, Appel Unifi\u00e9 des Juifs de France<br \/>\nO\u00f9 Il est question des sites Akadem et Juda\u00efcin\u00e9, pour lesquels il est responsable des rubriques cin\u00e9ma et bande dessin\u00e9e  \u00e0 th\u00e9matique  juive,<br \/>\ndu 16eme festival du cin\u00e9ma isra\u00e9lien \u00e0 Marseille \u00ab\u00a0Regards sur le  cin\u00e9ma isra\u00e9lien\u00a0\u00bb qui aura lieu cette ann\u00e9e du 17 au 23 juin prochain,  il en est le directeur depuis sa cr\u00e9ation en 1999 <\/p>\n","protected":false},"excerpt":{"rendered":"<p>[audio:http:\/\/www.madehok.com\/_lesTransversales\/wp-content\/audio \/Transversales_XavierNataf_1.mp3|titles=Les Transversales du 05 Mai 2015] [audio:http:\/\/www.madehok.com\/_lesTransversales\/wp-content\/audio \/Transversales_XavierNataf_2.mp3|titles=Les Transversales du 06 Mai 2015] [audio:http:\/\/www.madehok.com\/_lesTransversales\/wp-content\/audio \/Transversales_XavierNataf_3.mp3|titles=Les Transversales du 07 Mai 2015] Un entretien avec Xavier Nataf, charg\u00e9 de mission aupr\u00e8s du FSJU, Fonds Social Juif Unifi\u00e9 et l\u2019AUJF, Appel Unifi\u00e9 des Juifs de France O\u00f9 Il est question des sites Akadem et Juda\u00efcin\u00e9, pour lesquels [&hellip;]<\/p>\n","protected":false},"author":1,"featured_media":0,"comment_status":"open","ping_status":"open","sticky":false,"template":"","format":"standard","meta":{"footnotes":""},"categories":[1],"tags":[],"_links":{"self":[{"href":"http:\/\/www.madehok.com\/_lesTransversales\/index.php?rest_route=\/wp\/v2\/posts\/2065"}],"collection":[{"href":"http:\/\/www.madehok.com\/_lesTransversales\/index.php?rest_route=\/wp\/v2\/posts"}],"about":[{"href":"http:\/\/www.madehok.com\/_lesTransversales\/index.php?rest_route=\/wp\/v2\/types\/post"}],"author":[{"embeddable":true,"href":"http:\/\/www.madehok.com\/_lesTransversales\/index.php?rest_route=\/wp\/v2\/users\/1"}],"replies":[{"embeddable":true,"href":"http:\/\/www.madehok.com\/_lesTransversales\/index.php?rest_route=%2Fwp%2Fv2%2Fcomments&post=2065"}],"version-history":[{"count":7,"href":"http:\/\/www.madehok.com\/_lesTransversales\/index.php?rest_route=\/wp\/v2\/posts\/2065\/revisions"}],"predecessor-version":[{"id":2073,"href":"http:\/\/www.madehok.com\/_lesTransversales\/index.php?rest_route=\/wp\/v2\/posts\/2065\/revisions\/2073"}],"wp:attachment":[{"href":"http:\/\/www.madehok.com\/_lesTransversales\/index.php?rest_route=%2Fwp%2Fv2%2Fmedia&parent=2065"}],"wp:term":[{"taxonomy":"category","embeddable":true,"href":"http:\/\/www.madehok.com\/_lesTransversales\/index.php?rest_route=%2Fwp%2Fv2%2Fcategories&post=2065"},{"taxonomy":"post_tag","embeddable":true,"href":"http:\/\/www.madehok.com\/_lesTransversales\/index.php?rest_route=%2Fwp%2Fv2%2Ftags&post=2065"}],"curies":[{"name":"wp","href":"https:\/\/api.w.org\/{rel}","templated":true}]}}