{"id":2092,"date":"2015-06-24T08:06:02","date_gmt":"2015-06-24T08:06:02","guid":{"rendered":"http:\/\/www.madehok.com\/_lesTransversales\/?p=2092"},"modified":"2015-06-25T12:26:01","modified_gmt":"2015-06-25T12:26:01","slug":"michele-sylvander-artiste-photographe-videaste","status":"publish","type":"post","link":"http:\/\/www.madehok.com\/_lesTransversales\/?p=2092","title":{"rendered":"Mich\u00e8le  Sylvander, artiste, photographe, vid\u00e9aste"},"content":{"rendered":"<p><a href=\"http:\/\/www.madehok.com\/_lesTransversales\/wp-content\/uploads\/2015\/06\/g_Servieres15MicheleSylvander01b.jpg\"><img loading=\"lazy\" decoding=\"async\" src=\"http:\/\/www.madehok.com\/_lesTransversales\/wp-content\/uploads\/2015\/06\/g_Servieres15MicheleSylvander01b-207x300.jpg\" alt=\"g_Servieres15MicheleSylvander01b\" width=\"207\" height=\"300\" class=\"alignnone size-medium wp-image-2098\" srcset=\"http:\/\/www.madehok.com\/_lesTransversales\/wp-content\/uploads\/2015\/06\/g_Servieres15MicheleSylvander01b-207x300.jpg 207w, http:\/\/www.madehok.com\/_lesTransversales\/wp-content\/uploads\/2015\/06\/g_Servieres15MicheleSylvander01b.jpg 346w\" sizes=\"(max-width: 207px) 100vw, 207px\" \/><\/a><\/p>\n<p>[audio:http:\/\/www.madehok.com\/_lesTransversales\/wp-content\/audio<br \/>\n\/Transversales_MSylvander_1.mp3|titles=Les Transversales du 23 Juin 2015]<br \/>\n[audio:http:\/\/www.madehok.com\/_lesTransversales\/wp-content\/audio<br \/>\n\/Transversales_MSylvander_2.mp3|titles=Les Transversales du 24 Juin 2015]<br \/>\n[audio:http:\/\/www.madehok.com\/_lesTransversales\/wp-content\/audio<br \/>\n\/Transversales_MSylvander_3.mp3|titles=Les Transversales du 25 Juin 2015]<\/p>\n<p>A propos de l&rsquo;exposition intitul\u00e9e: \u00ab\u00a0\u00e0 mon retour je te raconte\u00a0\u00bb dans le cadre de la 7e \u00e9dition du Printemps de l&rsquo;art contemporain \u00e0 Marseille, depuis le 14 mai et jusqu\u2019au 11 juillet au Ch\u00e2teau de Servieres, 19 bd Boisson<br \/>\nMich\u00e8le Sylvander d\u00e9veloppe un travail artistique qui s&rsquo;appuie principalement sur la photographie mais d\u00e9ploie \u00e9galement ses formes dans l&rsquo;installation, le dessin ou la vid\u00e9o&#8230;..<\/p>\n","protected":false},"excerpt":{"rendered":"<p>[audio:http:\/\/www.madehok.com\/_lesTransversales\/wp-content\/audio \/Transversales_MSylvander_1.mp3|titles=Les Transversales du 23 Juin 2015] [audio:http:\/\/www.madehok.com\/_lesTransversales\/wp-content\/audio \/Transversales_MSylvander_2.mp3|titles=Les Transversales du 24 Juin 2015] [audio:http:\/\/www.madehok.com\/_lesTransversales\/wp-content\/audio \/Transversales_MSylvander_3.mp3|titles=Les Transversales du 25 Juin 2015] A propos de l&rsquo;exposition intitul\u00e9e: \u00ab\u00a0\u00e0 mon retour je te raconte\u00a0\u00bb dans le cadre de la 7e \u00e9dition du Printemps de l&rsquo;art contemporain \u00e0 Marseille, depuis le 14 mai et jusqu\u2019au 11 juillet au [&hellip;]<\/p>\n","protected":false},"author":1,"featured_media":0,"comment_status":"open","ping_status":"open","sticky":false,"template":"","format":"standard","meta":{"footnotes":""},"categories":[1],"tags":[],"_links":{"self":[{"href":"http:\/\/www.madehok.com\/_lesTransversales\/index.php?rest_route=\/wp\/v2\/posts\/2092"}],"collection":[{"href":"http:\/\/www.madehok.com\/_lesTransversales\/index.php?rest_route=\/wp\/v2\/posts"}],"about":[{"href":"http:\/\/www.madehok.com\/_lesTransversales\/index.php?rest_route=\/wp\/v2\/types\/post"}],"author":[{"embeddable":true,"href":"http:\/\/www.madehok.com\/_lesTransversales\/index.php?rest_route=\/wp\/v2\/users\/1"}],"replies":[{"embeddable":true,"href":"http:\/\/www.madehok.com\/_lesTransversales\/index.php?rest_route=%2Fwp%2Fv2%2Fcomments&post=2092"}],"version-history":[{"count":11,"href":"http:\/\/www.madehok.com\/_lesTransversales\/index.php?rest_route=\/wp\/v2\/posts\/2092\/revisions"}],"predecessor-version":[{"id":2108,"href":"http:\/\/www.madehok.com\/_lesTransversales\/index.php?rest_route=\/wp\/v2\/posts\/2092\/revisions\/2108"}],"wp:attachment":[{"href":"http:\/\/www.madehok.com\/_lesTransversales\/index.php?rest_route=%2Fwp%2Fv2%2Fmedia&parent=2092"}],"wp:term":[{"taxonomy":"category","embeddable":true,"href":"http:\/\/www.madehok.com\/_lesTransversales\/index.php?rest_route=%2Fwp%2Fv2%2Fcategories&post=2092"},{"taxonomy":"post_tag","embeddable":true,"href":"http:\/\/www.madehok.com\/_lesTransversales\/index.php?rest_route=%2Fwp%2Fv2%2Ftags&post=2092"}],"curies":[{"name":"wp","href":"https:\/\/api.w.org\/{rel}","templated":true}]}}