{"id":2184,"date":"2015-12-01T18:54:07","date_gmt":"2015-12-01T18:54:07","guid":{"rendered":"http:\/\/www.madehok.com\/_lesTransversales\/?p=2184"},"modified":"2015-12-08T13:08:22","modified_gmt":"2015-12-08T13:08:22","slug":"jean-roch-bouiller","status":"publish","type":"post","link":"http:\/\/www.madehok.com\/_lesTransversales\/?p=2184","title":{"rendered":"Jean Roch Bouiller, conservateur du patrimoine au Mucem"},"content":{"rendered":"<p><a href=\"http:\/\/www.madehok.com\/_lesTransversales\/wp-content\/uploads\/2015\/12\/mucem_panorama_affiche_sans_logo.jpg\"><img loading=\"lazy\" decoding=\"async\" src=\"http:\/\/www.madehok.com\/_lesTransversales\/wp-content\/uploads\/2015\/12\/mucem_panorama_affiche_sans_logo-203x300.jpg\" alt=\"mucem_panorama_affiche_sans_logo\" width=\"203\" height=\"300\" class=\"alignnone size-medium wp-image-2207\" srcset=\"http:\/\/www.madehok.com\/_lesTransversales\/wp-content\/uploads\/2015\/12\/mucem_panorama_affiche_sans_logo-203x300.jpg 203w, http:\/\/www.madehok.com\/_lesTransversales\/wp-content\/uploads\/2015\/12\/mucem_panorama_affiche_sans_logo.jpg 635w\" sizes=\"(max-width: 203px) 100vw, 203px\" \/><\/a><\/p>\n<p>[audio:http:\/\/www.madehok.com\/_lesTransversales\/wp-content\/audio<br \/>\n\/Transversales_Bouiller_1.mp3|titles=Les Transversales du 01 Decembre 2015]<br \/>\n[audio:http:\/\/www.madehok.com\/_lesTransversales\/wp-content\/audio<br \/>\n\/Transversales_Bouiller_2.mp3|titles=Les Transversales du 02  Decembre 2015]<br \/>\n[audio:http:\/\/www.madehok.com\/_lesTransversales\/wp-content\/audio<br \/>\n\/Transversales_Bouiller_3.mp3|titles=Les Transversales du 03 Decembre 2015]<\/p>\n<p>A propos de l&rsquo;exposition \u00ab\u00a0J&rsquo;aime les panoramas\u00a0\u00bb exposition temporaire au Mucem<br \/>\nJean-Roch Bouiller est conservateur du patrimoine, responsable de l&rsquo;art contemporain au Mucem, il est le co commissaire de cette exposition avec Laurence Madeline, elle m\u00eame conservatrice en chef du p\u00f4le beaux-arts du  Mus\u00e9e d\u2019art et d\u2019histoire  de  Gen\u00e8ve le mus\u00e9e Rath<\/p>\n","protected":false},"excerpt":{"rendered":"<p>[audio:http:\/\/www.madehok.com\/_lesTransversales\/wp-content\/audio \/Transversales_Bouiller_1.mp3|titles=Les Transversales du 01 Decembre 2015] [audio:http:\/\/www.madehok.com\/_lesTransversales\/wp-content\/audio \/Transversales_Bouiller_2.mp3|titles=Les Transversales du 02 Decembre 2015] [audio:http:\/\/www.madehok.com\/_lesTransversales\/wp-content\/audio \/Transversales_Bouiller_3.mp3|titles=Les Transversales du 03 Decembre 2015] A propos de l&rsquo;exposition \u00ab\u00a0J&rsquo;aime les panoramas\u00a0\u00bb exposition temporaire au Mucem Jean-Roch Bouiller est conservateur du patrimoine, responsable de l&rsquo;art contemporain au Mucem, il est le co commissaire de cette exposition avec Laurence Madeline, [&hellip;]<\/p>\n","protected":false},"author":1,"featured_media":0,"comment_status":"open","ping_status":"open","sticky":false,"template":"","format":"standard","meta":{"footnotes":""},"categories":[1],"tags":[],"_links":{"self":[{"href":"http:\/\/www.madehok.com\/_lesTransversales\/index.php?rest_route=\/wp\/v2\/posts\/2184"}],"collection":[{"href":"http:\/\/www.madehok.com\/_lesTransversales\/index.php?rest_route=\/wp\/v2\/posts"}],"about":[{"href":"http:\/\/www.madehok.com\/_lesTransversales\/index.php?rest_route=\/wp\/v2\/types\/post"}],"author":[{"embeddable":true,"href":"http:\/\/www.madehok.com\/_lesTransversales\/index.php?rest_route=\/wp\/v2\/users\/1"}],"replies":[{"embeddable":true,"href":"http:\/\/www.madehok.com\/_lesTransversales\/index.php?rest_route=%2Fwp%2Fv2%2Fcomments&post=2184"}],"version-history":[{"count":7,"href":"http:\/\/www.madehok.com\/_lesTransversales\/index.php?rest_route=\/wp\/v2\/posts\/2184\/revisions"}],"predecessor-version":[{"id":2188,"href":"http:\/\/www.madehok.com\/_lesTransversales\/index.php?rest_route=\/wp\/v2\/posts\/2184\/revisions\/2188"}],"wp:attachment":[{"href":"http:\/\/www.madehok.com\/_lesTransversales\/index.php?rest_route=%2Fwp%2Fv2%2Fmedia&parent=2184"}],"wp:term":[{"taxonomy":"category","embeddable":true,"href":"http:\/\/www.madehok.com\/_lesTransversales\/index.php?rest_route=%2Fwp%2Fv2%2Fcategories&post=2184"},{"taxonomy":"post_tag","embeddable":true,"href":"http:\/\/www.madehok.com\/_lesTransversales\/index.php?rest_route=%2Fwp%2Fv2%2Ftags&post=2184"}],"curies":[{"name":"wp","href":"https:\/\/api.w.org\/{rel}","templated":true}]}}