{"id":2342,"date":"2016-04-26T13:06:51","date_gmt":"2016-04-26T13:06:51","guid":{"rendered":"http:\/\/www.madehok.com\/_lesTransversales\/?p=2342"},"modified":"2016-04-28T07:55:35","modified_gmt":"2016-04-28T07:55:35","slug":"isabelle-reiher-pascal-neveux","status":"publish","type":"post","link":"http:\/\/www.madehok.com\/_lesTransversales\/?p=2342","title":{"rendered":"Isabelle Reiher, Pascal Neveux"},"content":{"rendered":"<p><a href=\"http:\/\/www.madehok.com\/_lesTransversales\/wp-content\/uploads\/2016\/04\/IMG_3903.jpg\"><img loading=\"lazy\" decoding=\"async\" src=\"http:\/\/www.madehok.com\/_lesTransversales\/wp-content\/uploads\/2016\/04\/IMG_3903-300x225.jpg\" alt=\"IMG_3903\" width=\"300\" height=\"225\" class=\"alignnone size-medium wp-image-2349\" srcset=\"http:\/\/www.madehok.com\/_lesTransversales\/wp-content\/uploads\/2016\/04\/IMG_3903-300x225.jpg 300w, http:\/\/www.madehok.com\/_lesTransversales\/wp-content\/uploads\/2016\/04\/IMG_3903.jpg 640w\" sizes=\"(max-width: 300px) 100vw, 300px\" \/><\/a><\/p>\n<p>[audio:http:\/\/www.madehok.com\/_lesTransversales\/wp-content\/audio<br \/>\n\/Transversales_PNIReiher_1.mp3|titles=Les Transversales du 26 04 2016]<br \/>\n[audio:http:\/\/www.madehok.com\/_lesTransversales\/wp-content\/audio<br \/>\n\/Transversales_PNIReiher_2.mp3|titles=Les Transversales du 27 04 2016]<br \/>\n[audio:http:\/\/www.madehok.com\/_lesTransversales\/wp-content\/audio<br \/>\n\/Transversales_PNIReiher_2.mp3|titles=Les Transversales du 28 04 2016]<\/p>\n<p>A propos de l&rsquo;exposition qui se d\u00e9roule en ce moment au Frac Paca, de l&rsquo;artiste plasticien et architecte: Lieven de Boeck:  Image Not Found:  Pascal Neveux est directeur du Frac Paca<br \/>\nPremi\u00e8re exposition personnelle en France de cet artiste, qui vit et travaille \u00e0 Bruxelles C\u2019est jusqu\u2019au dimanche 5 juin,au FRAC  20 bd de Dunkerque 13002 Marseille<br \/>\nIsabelle Reiher est directrice du Cirva,  centre de recherche sur le verre et les arts plastiques et centre d&rsquo;art contemporain<br \/>\nLes \u0153uvres en verre de Lieven de boeck  montr\u00e9es dans cette exposition Image not found \u00e9t\u00e9 cr\u00e9\u00e9es \u00e9labor\u00e9es au Cirva:  S\u00e3 [100 legos], Mikado LDB Modulor, Le moule en verre bleu, Le moule en verre rose.<\/p>\n","protected":false},"excerpt":{"rendered":"<p>[audio:http:\/\/www.madehok.com\/_lesTransversales\/wp-content\/audio \/Transversales_PNIReiher_1.mp3|titles=Les Transversales du 26 04 2016] [audio:http:\/\/www.madehok.com\/_lesTransversales\/wp-content\/audio \/Transversales_PNIReiher_2.mp3|titles=Les Transversales du 27 04 2016] [audio:http:\/\/www.madehok.com\/_lesTransversales\/wp-content\/audio \/Transversales_PNIReiher_2.mp3|titles=Les Transversales du 28 04 2016] A propos de l&rsquo;exposition qui se d\u00e9roule en ce moment au Frac Paca, de l&rsquo;artiste plasticien et architecte: Lieven de Boeck: Image Not Found: Pascal Neveux est directeur du Frac Paca Premi\u00e8re exposition personnelle [&hellip;]<\/p>\n","protected":false},"author":1,"featured_media":0,"comment_status":"open","ping_status":"open","sticky":false,"template":"","format":"standard","meta":{"footnotes":""},"categories":[1],"tags":[],"_links":{"self":[{"href":"http:\/\/www.madehok.com\/_lesTransversales\/index.php?rest_route=\/wp\/v2\/posts\/2342"}],"collection":[{"href":"http:\/\/www.madehok.com\/_lesTransversales\/index.php?rest_route=\/wp\/v2\/posts"}],"about":[{"href":"http:\/\/www.madehok.com\/_lesTransversales\/index.php?rest_route=\/wp\/v2\/types\/post"}],"author":[{"embeddable":true,"href":"http:\/\/www.madehok.com\/_lesTransversales\/index.php?rest_route=\/wp\/v2\/users\/1"}],"replies":[{"embeddable":true,"href":"http:\/\/www.madehok.com\/_lesTransversales\/index.php?rest_route=%2Fwp%2Fv2%2Fcomments&post=2342"}],"version-history":[{"count":9,"href":"http:\/\/www.madehok.com\/_lesTransversales\/index.php?rest_route=\/wp\/v2\/posts\/2342\/revisions"}],"predecessor-version":[{"id":2344,"href":"http:\/\/www.madehok.com\/_lesTransversales\/index.php?rest_route=\/wp\/v2\/posts\/2342\/revisions\/2344"}],"wp:attachment":[{"href":"http:\/\/www.madehok.com\/_lesTransversales\/index.php?rest_route=%2Fwp%2Fv2%2Fmedia&parent=2342"}],"wp:term":[{"taxonomy":"category","embeddable":true,"href":"http:\/\/www.madehok.com\/_lesTransversales\/index.php?rest_route=%2Fwp%2Fv2%2Fcategories&post=2342"},{"taxonomy":"post_tag","embeddable":true,"href":"http:\/\/www.madehok.com\/_lesTransversales\/index.php?rest_route=%2Fwp%2Fv2%2Ftags&post=2342"}],"curies":[{"name":"wp","href":"https:\/\/api.w.org\/{rel}","templated":true}]}}