{"id":2478,"date":"2016-11-13T17:44:07","date_gmt":"2016-11-13T17:44:07","guid":{"rendered":"http:\/\/www.madehok.com\/_lesTransversales\/?p=2478"},"modified":"2016-11-13T19:51:19","modified_gmt":"2016-11-13T19:51:19","slug":"didier-gourvennec-ogor-galeriste-2","status":"publish","type":"post","link":"http:\/\/www.madehok.com\/_lesTransversales\/?p=2478","title":{"rendered":"Didier Gourvennec Ogor, galeriste et Mahatsanga le Dantec, artiste"},"content":{"rendered":"<p><a href=\"http:\/\/www.madehok.com\/_lesTransversales\/wp-content\/uploads\/2016\/11\/IMG_0085.jpg\"><img loading=\"lazy\" decoding=\"async\" src=\"http:\/\/www.madehok.com\/_lesTransversales\/wp-content\/uploads\/2016\/11\/IMG_0085-300x300.jpg\" alt=\"IMG_0085\" width=\"300\" height=\"300\" class=\"alignnone size-medium wp-image-2489\" srcset=\"http:\/\/www.madehok.com\/_lesTransversales\/wp-content\/uploads\/2016\/11\/IMG_0085-300x300.jpg 300w, http:\/\/www.madehok.com\/_lesTransversales\/wp-content\/uploads\/2016\/11\/IMG_0085-150x150.jpg 150w, http:\/\/www.madehok.com\/_lesTransversales\/wp-content\/uploads\/2016\/11\/IMG_0085.jpg 635w\" sizes=\"(max-width: 300px) 100vw, 300px\" \/><\/a><\/p>\n<p>[audio:http:\/\/www.madehok.com\/_lesTransversales\/wp-content\/audio\/Transversales_DGOMLD_1.mp3|titles=Les Transversales du 08 11 2016]<br \/>\n[audio:http:\/\/www.madehok.com\/_lesTransversales\/wp-content\/audio\/Transversales_DGOMLD_2.mp3|titles=Les Transversales du 10 11 2016]<br \/>\nA propos d&rsquo;une double exposition. <\/p>\n<p>Didier Gourvennec Ogor  accueille dans sa galeris \u00e9ponyme depuis le  samedi  5 novembre et jusqu\u2019au 24 D\u00e9cembre la premi\u00e8re exposition personnelle d\u2019Agnes Varda \u00e0 Marseille, elle s\u2019intitule \u00ab\u00a0les beaux quartiers de Marseille\u00a0\u00bb<br \/>\nComme en regard, au 1er \u00e9tage de la galerie, on peut  d\u00e9couvrir l\u2019exposition intitul\u00e9e \u00ab\u00a0Pas de c\u00f4t\u00e9\u00a0\u00bb de : Mahatsanga Le Dantec, artiste laureat de la 5eme \u00e9dition du prix ESDMMM, Ecole sup\u00e9rieure d&rsquo;art et de design Marseille M\u00e9diterran\u00e9e<\/p>\n","protected":false},"excerpt":{"rendered":"<p>[audio:http:\/\/www.madehok.com\/_lesTransversales\/wp-content\/audio\/Transversales_DGOMLD_1.mp3|titles=Les Transversales du 08 11 2016] [audio:http:\/\/www.madehok.com\/_lesTransversales\/wp-content\/audio\/Transversales_DGOMLD_2.mp3|titles=Les Transversales du 10 11 2016] A propos d&rsquo;une double exposition. Didier Gourvennec Ogor accueille dans sa galeris \u00e9ponyme depuis le samedi 5 novembre et jusqu\u2019au 24 D\u00e9cembre la premi\u00e8re exposition personnelle d\u2019Agnes Varda \u00e0 Marseille, elle s\u2019intitule \u00ab\u00a0les beaux quartiers de Marseille\u00a0\u00bb Comme en regard, au 1er \u00e9tage [&hellip;]<\/p>\n","protected":false},"author":1,"featured_media":0,"comment_status":"open","ping_status":"open","sticky":false,"template":"","format":"standard","meta":{"footnotes":""},"categories":[1],"tags":[],"_links":{"self":[{"href":"http:\/\/www.madehok.com\/_lesTransversales\/index.php?rest_route=\/wp\/v2\/posts\/2478"}],"collection":[{"href":"http:\/\/www.madehok.com\/_lesTransversales\/index.php?rest_route=\/wp\/v2\/posts"}],"about":[{"href":"http:\/\/www.madehok.com\/_lesTransversales\/index.php?rest_route=\/wp\/v2\/types\/post"}],"author":[{"embeddable":true,"href":"http:\/\/www.madehok.com\/_lesTransversales\/index.php?rest_route=\/wp\/v2\/users\/1"}],"replies":[{"embeddable":true,"href":"http:\/\/www.madehok.com\/_lesTransversales\/index.php?rest_route=%2Fwp%2Fv2%2Fcomments&post=2478"}],"version-history":[{"count":16,"href":"http:\/\/www.madehok.com\/_lesTransversales\/index.php?rest_route=\/wp\/v2\/posts\/2478\/revisions"}],"predecessor-version":[{"id":2495,"href":"http:\/\/www.madehok.com\/_lesTransversales\/index.php?rest_route=\/wp\/v2\/posts\/2478\/revisions\/2495"}],"wp:attachment":[{"href":"http:\/\/www.madehok.com\/_lesTransversales\/index.php?rest_route=%2Fwp%2Fv2%2Fmedia&parent=2478"}],"wp:term":[{"taxonomy":"category","embeddable":true,"href":"http:\/\/www.madehok.com\/_lesTransversales\/index.php?rest_route=%2Fwp%2Fv2%2Fcategories&post=2478"},{"taxonomy":"post_tag","embeddable":true,"href":"http:\/\/www.madehok.com\/_lesTransversales\/index.php?rest_route=%2Fwp%2Fv2%2Ftags&post=2478"}],"curies":[{"name":"wp","href":"https:\/\/api.w.org\/{rel}","templated":true}]}}