{"id":2521,"date":"2016-11-29T13:19:14","date_gmt":"2016-11-29T13:19:14","guid":{"rendered":"http:\/\/www.madehok.com\/_lesTransversales\/?p=2521"},"modified":"2022-04-09T15:30:18","modified_gmt":"2022-04-09T15:30:18","slug":"dominique-bluzet","status":"publish","type":"post","link":"http:\/\/www.madehok.com\/_lesTransversales\/?p=2521","title":{"rendered":"Dominique Bluzet, directeur de th\u00e9\u00e2tre"},"content":{"rendered":"<p><a href=\"http:\/\/www.madehok.com\/_lesTransversales\/wp-content\/uploads\/2016\/11\/IMG_0217.jpg\"><img loading=\"lazy\" decoding=\"async\" class=\"alignnone size-medium wp-image-2530\" src=\"http:\/\/www.madehok.com\/_lesTransversales\/wp-content\/uploads\/2016\/11\/IMG_0217-224x300.jpg\" alt=\"IMG_0217\" width=\"224\" height=\"300\" srcset=\"http:\/\/www.madehok.com\/_lesTransversales\/wp-content\/uploads\/2016\/11\/IMG_0217-224x300.jpg 224w, http:\/\/www.madehok.com\/_lesTransversales\/wp-content\/uploads\/2016\/11\/IMG_0217.jpg 476w\" sizes=\"(max-width: 224px) 100vw, 224px\" \/><\/a><\/p>\n<p>Dominique Bluzet est directeur des Th\u00e9\u00e2tres du Gymnase, des Bernardines, du Jeu de Paume, et du Grand Th\u00e9\u00e2tre de Provence.<br \/>O\u00f9 il est question du projet d&rsquo;un nouveau quartier: Le Premier, quartier des arts \u00e0 Marseille<br \/>Dominique Bluzet revient pour nous sur son itin\u00e9raire, \u00e9voque les temps forts de la programmation de No\u00ebl<br \/>O\u00f9 il est question du Festival de P\u00e2ques, 5\u00e8me \u00e9dition cette ann\u00e9e qui se d\u00e9roulera du 10 au 23 avril 2017 \u00e0 Aix en Provence<\/p>\n\n\n<figure class=\"wp-block-audio\"><audio controls src=\"http:\/\/www.madehok.com\/_lesTransversales\/wp-content\/uploads\/2016\/11\/Transversales_DBluzet_1.mp3.mp3\"><\/audio><\/figure>\n\n\n\n<figure class=\"wp-block-audio\"><audio controls src=\"http:\/\/www.madehok.com\/_lesTransversales\/wp-content\/uploads\/2016\/11\/Transversales_DBluzet_2.mp3.mp3\"><\/audio><\/figure>\n\n\n\n<figure class=\"wp-block-audio\"><audio controls src=\"http:\/\/www.madehok.com\/_lesTransversales\/wp-content\/uploads\/2016\/11\/Transversales_DBluzet_3.mp3.mp3\"><\/audio><\/figure>\n","protected":false},"excerpt":{"rendered":"<p>Dominique Bluzet est directeur des Th\u00e9\u00e2tres du Gymnase, des Bernardines, du Jeu de Paume, et du Grand Th\u00e9\u00e2tre de Provence.O\u00f9 il est question du projet d&rsquo;un nouveau quartier: Le Premier, quartier des arts \u00e0 MarseilleDominique Bluzet revient pour nous sur son itin\u00e9raire, \u00e9voque les temps forts de la programmation de No\u00eblO\u00f9 il est question du [&hellip;]<\/p>\n","protected":false},"author":1,"featured_media":0,"comment_status":"open","ping_status":"open","sticky":false,"template":"","format":"standard","meta":{"footnotes":""},"categories":[1],"tags":[],"_links":{"self":[{"href":"http:\/\/www.madehok.com\/_lesTransversales\/index.php?rest_route=\/wp\/v2\/posts\/2521"}],"collection":[{"href":"http:\/\/www.madehok.com\/_lesTransversales\/index.php?rest_route=\/wp\/v2\/posts"}],"about":[{"href":"http:\/\/www.madehok.com\/_lesTransversales\/index.php?rest_route=\/wp\/v2\/types\/post"}],"author":[{"embeddable":true,"href":"http:\/\/www.madehok.com\/_lesTransversales\/index.php?rest_route=\/wp\/v2\/users\/1"}],"replies":[{"embeddable":true,"href":"http:\/\/www.madehok.com\/_lesTransversales\/index.php?rest_route=%2Fwp%2Fv2%2Fcomments&post=2521"}],"version-history":[{"count":19,"href":"http:\/\/www.madehok.com\/_lesTransversales\/index.php?rest_route=\/wp\/v2\/posts\/2521\/revisions"}],"predecessor-version":[{"id":3674,"href":"http:\/\/www.madehok.com\/_lesTransversales\/index.php?rest_route=\/wp\/v2\/posts\/2521\/revisions\/3674"}],"wp:attachment":[{"href":"http:\/\/www.madehok.com\/_lesTransversales\/index.php?rest_route=%2Fwp%2Fv2%2Fmedia&parent=2521"}],"wp:term":[{"taxonomy":"category","embeddable":true,"href":"http:\/\/www.madehok.com\/_lesTransversales\/index.php?rest_route=%2Fwp%2Fv2%2Fcategories&post=2521"},{"taxonomy":"post_tag","embeddable":true,"href":"http:\/\/www.madehok.com\/_lesTransversales\/index.php?rest_route=%2Fwp%2Fv2%2Ftags&post=2521"}],"curies":[{"name":"wp","href":"https:\/\/api.w.org\/{rel}","templated":true}]}}