{"id":2573,"date":"2017-02-28T11:36:13","date_gmt":"2017-02-28T11:36:13","guid":{"rendered":"http:\/\/www.madehok.com\/_lesTransversales\/?p=2573"},"modified":"2022-03-25T19:30:52","modified_gmt":"2022-03-25T19:30:52","slug":"bruno-allary-sylvie-paz","status":"publish","type":"post","link":"http:\/\/www.madehok.com\/_lesTransversales\/?p=2573","title":{"rendered":"Bruno Allary, Sylvie Paz, \u00ab\u00a0Il sole non si muove\u00a0\u00bb"},"content":{"rendered":"<p><img loading=\"lazy\" decoding=\"async\" class=\"alignnone size-medium wp-image-2584\" src=\"http:\/\/www.madehok.com\/_lesTransversales\/wp-content\/uploads\/2017\/02\/IMG_1504-225x300.jpg\" alt=\"\" width=\"225\" height=\"300\" srcset=\"http:\/\/www.madehok.com\/_lesTransversales\/wp-content\/uploads\/2017\/02\/IMG_1504-225x300.jpg 225w, http:\/\/www.madehok.com\/_lesTransversales\/wp-content\/uploads\/2017\/02\/IMG_1504.jpg 476w\" sizes=\"(max-width: 225px) 100vw, 225px\" \/><\/p>\n<p><\/p>\n<p><\/p>\n\n\n<figure class=\"wp-block-audio\"><audio controls src=\"http:\/\/www.madehok.com\/_lesTransversales\/wp-content\/uploads\/2017\/02\/Transversales_SPazBAllary_1.mp3.mp3\"><\/audio><\/figure>\n\n\n\n<figure class=\"wp-block-audio\"><audio controls src=\"http:\/\/www.madehok.com\/_lesTransversales\/wp-content\/uploads\/2017\/02\/Transversales_SPazBAllary_2.mp3.mp3\"><\/audio><\/figure>\n\n\n\n<figure class=\"wp-block-audio\"><audio controls src=\"http:\/\/www.madehok.com\/_lesTransversales\/wp-content\/uploads\/2022\/03\/Transversales_SPazBAllary_3.mp3.mp3\"><\/audio><\/figure>\n\n\n<p>A propos de la sortie de la derni\u00e8re cr\u00e9ation de la compagnie Rassegna: \u00ab\u00a0Il Sole non si muove\u00a0\u00bb<br>Cette semaine il est question de musiques, ils sont tous les deux p\u00e9tris de talents, elle est chanteuse, il est musicien, elle \u00e9crit, compose dessine m\u00eame, il est musicien, guitariste, il joue du oud, de la mandole, du saz (luth), il fonde en 2002 la compagnie au nom embl\u00e9matique, \u00e7a n\u2019est pas un hasard \u00ab\u00a0Rassegna\u00a0\u00bb, tout un programme, il est aujourd&rsquo;hui le directeur artistique de l\u2019ensemble Multitudes.<br>Tous les deux \u00e9voquent cette semaine pour nous la nouvelle cr\u00e9ation de la compagnie Rassegna, \u00ab\u00a0Il Sole non si muove\u00a0\u00bb, un album pr\u00e9fac\u00e9 par Patrick Boucheron, Historien, professeur au Coll\u00e8ge de France.<\/p>","protected":false},"excerpt":{"rendered":"<p>A propos de la sortie de la derni\u00e8re cr\u00e9ation de la compagnie Rassegna: \u00ab\u00a0Il Sole non si muove\u00a0\u00bbCette semaine il est question de musiques, ils sont tous les deux p\u00e9tris de talents, elle est chanteuse, il est musicien, elle \u00e9crit, compose dessine m\u00eame, il est musicien, guitariste, il joue du oud, de la mandole, du [&hellip;]<\/p>\n","protected":false},"author":1,"featured_media":0,"comment_status":"open","ping_status":"open","sticky":false,"template":"","format":"standard","meta":{"footnotes":""},"categories":[1],"tags":[],"_links":{"self":[{"href":"http:\/\/www.madehok.com\/_lesTransversales\/index.php?rest_route=\/wp\/v2\/posts\/2573"}],"collection":[{"href":"http:\/\/www.madehok.com\/_lesTransversales\/index.php?rest_route=\/wp\/v2\/posts"}],"about":[{"href":"http:\/\/www.madehok.com\/_lesTransversales\/index.php?rest_route=\/wp\/v2\/types\/post"}],"author":[{"embeddable":true,"href":"http:\/\/www.madehok.com\/_lesTransversales\/index.php?rest_route=\/wp\/v2\/users\/1"}],"replies":[{"embeddable":true,"href":"http:\/\/www.madehok.com\/_lesTransversales\/index.php?rest_route=%2Fwp%2Fv2%2Fcomments&post=2573"}],"version-history":[{"count":13,"href":"http:\/\/www.madehok.com\/_lesTransversales\/index.php?rest_route=\/wp\/v2\/posts\/2573\/revisions"}],"predecessor-version":[{"id":3630,"href":"http:\/\/www.madehok.com\/_lesTransversales\/index.php?rest_route=\/wp\/v2\/posts\/2573\/revisions\/3630"}],"wp:attachment":[{"href":"http:\/\/www.madehok.com\/_lesTransversales\/index.php?rest_route=%2Fwp%2Fv2%2Fmedia&parent=2573"}],"wp:term":[{"taxonomy":"category","embeddable":true,"href":"http:\/\/www.madehok.com\/_lesTransversales\/index.php?rest_route=%2Fwp%2Fv2%2Fcategories&post=2573"},{"taxonomy":"post_tag","embeddable":true,"href":"http:\/\/www.madehok.com\/_lesTransversales\/index.php?rest_route=%2Fwp%2Fv2%2Ftags&post=2573"}],"curies":[{"name":"wp","href":"https:\/\/api.w.org\/{rel}","templated":true}]}}