{"id":3001,"date":"2020-10-20T15:09:45","date_gmt":"2020-10-20T15:09:45","guid":{"rendered":"http:\/\/www.madehok.com\/_lesTransversales\/?p=3001"},"modified":"2020-10-31T17:19:32","modified_gmt":"2020-10-31T17:19:32","slug":"odile-lecour-celine-benichou","status":"publish","type":"post","link":"http:\/\/www.madehok.com\/_lesTransversales\/?p=3001","title":{"rendered":"Odile Lecour, C\u00e9line Benichou"},"content":{"rendered":"\n<figure class=\"wp-block-image size-large\"><img loading=\"lazy\" decoding=\"async\" width=\"640\" height=\"480\" src=\"http:\/\/www.madehok.com\/_lesTransversales\/wp-content\/uploads\/2020\/10\/IMG_6835.jpg\" alt=\"\" class=\"wp-image-3103\" srcset=\"http:\/\/www.madehok.com\/_lesTransversales\/wp-content\/uploads\/2020\/10\/IMG_6835.jpg 640w, http:\/\/www.madehok.com\/_lesTransversales\/wp-content\/uploads\/2020\/10\/IMG_6835-300x225.jpg 300w\" sizes=\"(max-width: 640px) 100vw, 640px\" \/><\/figure>\n\n\n<!--[if lt IE 9]><script>document.createElement('audio');<\/script><![endif]-->\n\t<div class=\"wp-playlist wp-audio-playlist wp-playlist-light\">\n\t\t\t<div class=\"wp-playlist-current-item\"><\/div>\n\t\t<audio controls=\"controls\" preload=\"none\" width=\"640\"\n\t\t\t><\/audio>\n\t<div class=\"wp-playlist-next\"><\/div>\n\t<div class=\"wp-playlist-prev\"><\/div>\n\t<noscript>\n\t<ol>\n\t\t<li><a href='http:\/\/www.madehok.com\/_lesTransversales\/wp-content\/uploads\/2020\/10\/Transversales_OLCB_1.mp3.mp3'>Odile Lecour, C\u00e9line Benichou - partie 1<\/a><\/li><li><a href='http:\/\/www.madehok.com\/_lesTransversales\/wp-content\/uploads\/2020\/10\/Transversales_OLCB_2.mp3.mp3'>Odile Lecour, C\u00e9line Benichou - partie 2<\/a><\/li><li><a href='http:\/\/www.madehok.com\/_lesTransversales\/wp-content\/uploads\/2020\/10\/Transversales_OLCB_3.mp3.mp3'>Odile Lecour, C\u00e9line Benichou - partie 3<\/a><\/li>\t<\/ol>\n\t<\/noscript>\n\t<script type=\"application\/json\" class=\"wp-playlist-script\">{\"type\":\"audio\",\"tracklist\":true,\"tracknumbers\":true,\"images\":true,\"artists\":true,\"tracks\":[{\"src\":\"http:\\\/\\\/www.madehok.com\\\/_lesTransversales\\\/wp-content\\\/uploads\\\/2020\\\/10\\\/Transversales_OLCB_1.mp3.mp3\",\"type\":\"audio\\\/mpeg\",\"title\":\"Odile Lecour, C\\u00e9line Benichou - partie 1\",\"caption\":\"\",\"description\":\"<i>Transversales_OLCB_1.mp3<\\\/i>.\",\"meta\":{\"length_formatted\":\"17:47\"},\"image\":{\"src\":\"http:\\\/\\\/www.madehok.com\\\/_lesTransversales\\\/wp-includes\\\/images\\\/media\\\/audio.png\",\"width\":48,\"height\":64},\"thumb\":{\"src\":\"http:\\\/\\\/www.madehok.com\\\/_lesTransversales\\\/wp-includes\\\/images\\\/media\\\/audio.png\",\"width\":48,\"height\":64}},{\"src\":\"http:\\\/\\\/www.madehok.com\\\/_lesTransversales\\\/wp-content\\\/uploads\\\/2020\\\/10\\\/Transversales_OLCB_2.mp3.mp3\",\"type\":\"audio\\\/mpeg\",\"title\":\"Odile Lecour, C\\u00e9line Benichou - partie 2\",\"caption\":\"\",\"description\":\"<i>Transversales_OLCB_2.mp3<\\\/i>.\",\"meta\":{\"length_formatted\":\"18:51\"},\"image\":{\"src\":\"http:\\\/\\\/www.madehok.com\\\/_lesTransversales\\\/wp-includes\\\/images\\\/media\\\/audio.png\",\"width\":48,\"height\":64},\"thumb\":{\"src\":\"http:\\\/\\\/www.madehok.com\\\/_lesTransversales\\\/wp-includes\\\/images\\\/media\\\/audio.png\",\"width\":48,\"height\":64}},{\"src\":\"http:\\\/\\\/www.madehok.com\\\/_lesTransversales\\\/wp-content\\\/uploads\\\/2020\\\/10\\\/Transversales_OLCB_3.mp3.mp3\",\"type\":\"audio\\\/mpeg\",\"title\":\"Odile Lecour, C\\u00e9line Benichou - partie 3\",\"caption\":\"\",\"description\":\"<i>Transversales_OLCB_3.mp3<\\\/i>.\",\"meta\":{\"length_formatted\":\"20:04\"},\"image\":{\"src\":\"http:\\\/\\\/www.madehok.com\\\/_lesTransversales\\\/wp-includes\\\/images\\\/media\\\/audio.png\",\"width\":48,\"height\":64},\"thumb\":{\"src\":\"http:\\\/\\\/www.madehok.com\\\/_lesTransversales\\\/wp-includes\\\/images\\\/media\\\/audio.png\",\"width\":48,\"height\":64}}]}<\/script>\n<\/div>\n\t\n\n\n<p> Cette semaine&nbsp; il  est question du Festival de vives voix,  de ses concerts de ses artistes, 16\u00e8me \u00e9dition cette ann\u00e9e&nbsp; qui se d\u00e9roule en ce moment , dans des conditions assez particuli\u00e8res depuis le 10 Octobre et jusqu\u2019au dimanche 8 novembre&nbsp;<\/p>\n\n\n\n<p>C\u2019est \u00e0 18 heures les soirs&nbsp; de concert, , \u00e0 la maison du chant au 49 rue Chape dans le 4eme arrondissement de Marseille&nbsp;<\/p>\n\n\n\n<p>La maison du chant, un lieu enti\u00e8rement d\u00e9di\u00e9 aux artistes,  \u00e0 la voix, \u00e0 la musique, aux musiques du monde. Lieu cr\u00e9\u00e9 en 2003 par Odile Lecour qui en assure\u00a0  la direction administrative et artistique.<\/p>\n\n\n\n<p>Celine Benichou est chanteuse,  elle vit \u00e0 Marseille, elle sera  sur la sc\u00e8ne de la maison du chant avec ses complices Boris Sudres aux  guitares &amp; Yoandy San Martin aux percussions pour une carte blanche en ouverture au festival \u00ab\u00a0Jazz  sur la ville\u00a0\u00bb\u00a0 dont la Maison du chant est partenaire. L&rsquo;occasion de d\u00e9couvrir\u00a0 les chansons de son premier album\u00a0 intitul\u00e9 \u00ab\u00a0Lecture al\u00e9atoire\u00a0\u00bb <\/p>\n\n\n\n<p>\u00ab\u00a0De la tradition \u00e0 la cr\u00e9ation c\u2019est un voyage depuis les Balkans jusqu\u2019en M\u00e9diterran\u00e9e. 16eme \u00e9dition cette ann\u00e9e &#8230;.Susciter les t\u00e9lescopages, bousculer les fronti\u00e8res et permettre aux cr\u00e9ations de s\u2019exprimer est notre fil conducteur. Nous proposons souvent une th\u00e9matique de mani\u00e8re \u00e0 se laisser porter par un fil et incitons le public \u00e0 ouvrir les portes, \u00e0 tendre l\u2019oreille vers l\u2019inconnu sonore.\u201d<\/p>\n","protected":false},"excerpt":{"rendered":"<p>Cette semaine&nbsp; il est question du Festival de vives voix, de ses concerts de ses artistes, 16\u00e8me \u00e9dition cette ann\u00e9e&nbsp; qui se d\u00e9roule en ce moment , dans des conditions assez particuli\u00e8res depuis le 10 Octobre et jusqu\u2019au dimanche 8 novembre&nbsp; C\u2019est \u00e0 18 heures les soirs&nbsp; de concert, , \u00e0 la maison du chant [&hellip;]<\/p>\n","protected":false},"author":1,"featured_media":0,"comment_status":"open","ping_status":"open","sticky":false,"template":"","format":"standard","meta":{"footnotes":""},"categories":[1],"tags":[],"_links":{"self":[{"href":"http:\/\/www.madehok.com\/_lesTransversales\/index.php?rest_route=\/wp\/v2\/posts\/3001"}],"collection":[{"href":"http:\/\/www.madehok.com\/_lesTransversales\/index.php?rest_route=\/wp\/v2\/posts"}],"about":[{"href":"http:\/\/www.madehok.com\/_lesTransversales\/index.php?rest_route=\/wp\/v2\/types\/post"}],"author":[{"embeddable":true,"href":"http:\/\/www.madehok.com\/_lesTransversales\/index.php?rest_route=\/wp\/v2\/users\/1"}],"replies":[{"embeddable":true,"href":"http:\/\/www.madehok.com\/_lesTransversales\/index.php?rest_route=%2Fwp%2Fv2%2Fcomments&post=3001"}],"version-history":[{"count":8,"href":"http:\/\/www.madehok.com\/_lesTransversales\/index.php?rest_route=\/wp\/v2\/posts\/3001\/revisions"}],"predecessor-version":[{"id":3108,"href":"http:\/\/www.madehok.com\/_lesTransversales\/index.php?rest_route=\/wp\/v2\/posts\/3001\/revisions\/3108"}],"wp:attachment":[{"href":"http:\/\/www.madehok.com\/_lesTransversales\/index.php?rest_route=%2Fwp%2Fv2%2Fmedia&parent=3001"}],"wp:term":[{"taxonomy":"category","embeddable":true,"href":"http:\/\/www.madehok.com\/_lesTransversales\/index.php?rest_route=%2Fwp%2Fv2%2Fcategories&post=3001"},{"taxonomy":"post_tag","embeddable":true,"href":"http:\/\/www.madehok.com\/_lesTransversales\/index.php?rest_route=%2Fwp%2Fv2%2Ftags&post=3001"}],"curies":[{"name":"wp","href":"https:\/\/api.w.org\/{rel}","templated":true}]}}