{"id":327,"date":"2012-06-11T09:16:28","date_gmt":"2012-06-11T09:16:28","guid":{"rendered":"http:\/\/www.madehok.com\/_lesTransversales\/?p=327"},"modified":"2012-06-18T14:18:30","modified_gmt":"2012-06-18T14:18:30","slug":"agnes-gateff-libraire-et-marc-spaccesi-ecrivain","status":"publish","type":"post","link":"http:\/\/www.madehok.com\/_lesTransversales\/?p=327","title":{"rendered":"Agnes Gateff, libraire et Marc Spaccesi, \u00e9crivain"},"content":{"rendered":"<p><a href=\"http:\/\/www.madehok.com\/_lesTransversales\/wp-content\/uploads\/2012\/06\/.jpg\"><img loading=\"lazy\" decoding=\"async\" src=\"http:\/\/www.madehok.com\/_lesTransversales\/wp-content\/uploads\/2012\/06\/300x225.jpg\" alt=\"\" title=\"on\" width=\"300\" height=\"225\" class=\"alignleft size-medium wp-image-346\" \/><\/a><\/p>\n<p><a href=\"http:\/\/www.madehok.com\/_lesTransversales\/wp-content\/uploads\/2012\/06\/photo1.jpg\"><img loading=\"lazy\" decoding=\"async\" src=\"http:\/\/www.madehok.com\/_lesTransversales\/wp-content\/uploads\/2012\/06\/photo1-300x225.jpg\" alt=\"\" title=\"photo\" width=\"300\" height=\"225\" class=\"alignleft size-medium wp-image-336\" \/><\/a><\/p>\n<p>[audio:http:\/\/www.madehok.com\/_lesTransversales\/wp-content\/audio<br \/>\n\/Transversales_AgnesGateffMarcSpaccesi_1.mp3|titles=Les Transversales du 29 Mai 2012]<br \/>\n[audio:http:\/\/www.madehok.com\/_lesTransversales\/wp-content\/audio<br \/>\n\/Transversales_AgnesGateffMarcSpaccesi_2.mp3|titles=Les Transversales du 30 Mai 2012]<br \/>\n[audio:http:\/\/www.madehok.com\/_lesTransversales\/wp-content\/audio<br \/>\n\/Transversales_AgnesGateffMarcSpaccesi_3.mp3|titles=Les Transversales du 31 Mai 2012]<\/p>\n<p>Entretien avec Agnes Gateff libraire et \u00e9ditrice et l&rsquo;auteur Marc Spaccesi , \u00e0 propos du livre\u00a0\u00bb \u00ab\u00a0CODA\u00a0\u00bb \u00e9dit\u00e9 par la librairie l&rsquo;attrape Mots<br \/>\nDiffus\u00e9 les <strong> 29 , 30 et 31 Mai  2012<\/strong> sur Radio JM<\/p>\n","protected":false},"excerpt":{"rendered":"<p>[audio:http:\/\/www.madehok.com\/_lesTransversales\/wp-content\/audio \/Transversales_AgnesGateffMarcSpaccesi_1.mp3|titles=Les Transversales du 29 Mai 2012] [audio:http:\/\/www.madehok.com\/_lesTransversales\/wp-content\/audio \/Transversales_AgnesGateffMarcSpaccesi_2.mp3|titles=Les Transversales du 30 Mai 2012] [audio:http:\/\/www.madehok.com\/_lesTransversales\/wp-content\/audio \/Transversales_AgnesGateffMarcSpaccesi_3.mp3|titles=Les Transversales du 31 Mai 2012] Entretien avec Agnes Gateff libraire et \u00e9ditrice et l&rsquo;auteur Marc Spaccesi , \u00e0 propos du livre\u00a0\u00bb \u00ab\u00a0CODA\u00a0\u00bb \u00e9dit\u00e9 par la librairie l&rsquo;attrape Mots Diffus\u00e9 les 29 , 30 et 31 Mai 2012 sur Radio [&hellip;]<\/p>\n","protected":false},"author":1,"featured_media":0,"comment_status":"open","ping_status":"open","sticky":false,"template":"","format":"standard","meta":{"footnotes":""},"categories":[1],"tags":[],"_links":{"self":[{"href":"http:\/\/www.madehok.com\/_lesTransversales\/index.php?rest_route=\/wp\/v2\/posts\/327"}],"collection":[{"href":"http:\/\/www.madehok.com\/_lesTransversales\/index.php?rest_route=\/wp\/v2\/posts"}],"about":[{"href":"http:\/\/www.madehok.com\/_lesTransversales\/index.php?rest_route=\/wp\/v2\/types\/post"}],"author":[{"embeddable":true,"href":"http:\/\/www.madehok.com\/_lesTransversales\/index.php?rest_route=\/wp\/v2\/users\/1"}],"replies":[{"embeddable":true,"href":"http:\/\/www.madehok.com\/_lesTransversales\/index.php?rest_route=%2Fwp%2Fv2%2Fcomments&post=327"}],"version-history":[{"count":21,"href":"http:\/\/www.madehok.com\/_lesTransversales\/index.php?rest_route=\/wp\/v2\/posts\/327\/revisions"}],"predecessor-version":[{"id":376,"href":"http:\/\/www.madehok.com\/_lesTransversales\/index.php?rest_route=\/wp\/v2\/posts\/327\/revisions\/376"}],"wp:attachment":[{"href":"http:\/\/www.madehok.com\/_lesTransversales\/index.php?rest_route=%2Fwp%2Fv2%2Fmedia&parent=327"}],"wp:term":[{"taxonomy":"category","embeddable":true,"href":"http:\/\/www.madehok.com\/_lesTransversales\/index.php?rest_route=%2Fwp%2Fv2%2Fcategories&post=327"},{"taxonomy":"post_tag","embeddable":true,"href":"http:\/\/www.madehok.com\/_lesTransversales\/index.php?rest_route=%2Fwp%2Fv2%2Ftags&post=327"}],"curies":[{"name":"wp","href":"https:\/\/api.w.org\/{rel}","templated":true}]}}