{"id":3287,"date":"2021-03-31T16:43:32","date_gmt":"2021-03-31T16:43:32","guid":{"rendered":"http:\/\/www.madehok.com\/_lesTransversales\/?p=3287"},"modified":"2021-03-31T16:43:32","modified_gmt":"2021-03-31T16:43:32","slug":"bernard-plossu-photographe","status":"publish","type":"post","link":"http:\/\/www.madehok.com\/_lesTransversales\/?p=3287","title":{"rendered":"Bernard Plossu, photographe"},"content":{"rendered":"\n<figure class=\"wp-block-image size-large\"><img loading=\"lazy\" decoding=\"async\" width=\"556\" height=\"370\" src=\"http:\/\/www.madehok.com\/_lesTransversales\/wp-content\/uploads\/2021\/03\/bernard-plossu-1low.jpg\" alt=\"\" class=\"wp-image-3291\" srcset=\"http:\/\/www.madehok.com\/_lesTransversales\/wp-content\/uploads\/2021\/03\/bernard-plossu-1low.jpg 556w, http:\/\/www.madehok.com\/_lesTransversales\/wp-content\/uploads\/2021\/03\/bernard-plossu-1low-300x200.jpg 300w\" sizes=\"(max-width: 556px) 100vw, 556px\" \/><\/figure>\n\n\n\n<p>A l&rsquo;occasion de l&rsquo;exposition qui lui est consacr\u00e9e \u00e0 la galerie \u00ab\u00a0les territoires partag\u00e9s\u00a0\u00bb, 81 rue de la Loubi\u00e8re  jusqu\u2019au 2 avril<\/p>\n\n\n\n<figure class=\"wp-block-audio\"><audio controls src=\"http:\/\/www.madehok.com\/_lesTransversales\/wp-content\/uploads\/2021\/03\/Transversales_BPlossu_1.mp3.mp3\"><\/audio><\/figure>\n\n\n\n<figure class=\"wp-block-audio\"><audio controls src=\"http:\/\/www.madehok.com\/_lesTransversales\/wp-content\/uploads\/2021\/03\/Transversales_BPlossu_2.mp3.mp3\"><\/audio><\/figure>\n\n\n\n<figure class=\"wp-block-audio\"><audio controls src=\"http:\/\/www.madehok.com\/_lesTransversales\/wp-content\/uploads\/2021\/03\/Transversales_BPlossu_3.mp3.mp3\"><\/audio><\/figure>\n\n\n\n<p>\u00ab\u00a0Je ne suis pas un critique ou un sp\u00e9cialiste de l&rsquo;histoire de la photographie, j&rsquo;\u00e9cris ce texte sur l&rsquo;oeuvre de Bernard Plossu au regard de ce qu&rsquo;elle me donne \u00e0 penser, ce qu&rsquo;elle m&rsquo;apporte de connaissances sur le monde. Ce livre est une marche commune, une ballade \u00e0 ses c\u00f4t\u00e9s o\u00f9 je dis comment je vois ses photographies, peut-\u00eatre comment elles me voient elles-m\u00eames, comment elles m&rsquo;atteignent. Ecrire en se laissant porter par le regard, sous l&#8217;empire de ses photos en essayant de comprendre ce qu&rsquo;elles transforment en moi, les \u00e9motions qu&rsquo;elles font na\u00eetre, les rappels de m\u00e9moire. Ce n&rsquo;est pas une biographie non plus, mais une conversation.<\/p>\n\n\n\n<p>Nous parlerons de voyage, d&rsquo;amiti\u00e9, de marche, de silence, d&rsquo;un certain attachement \u00e0 la solitude, \u00e0 la contemplation. Au-del\u00e0 de l&rsquo;amiti\u00e9, une connivence nous relie, une mani\u00e8re de toucher le monde par l&rsquo;image pour Bernard Plossu, et pour moi par l&rsquo;\u00e9criture, l&rsquo;un et l&rsquo;autre dans un aff\u00fbt qui ne cherche jamais l&rsquo;appropriation mais le t\u00e9moignage, \u00e9pouser les mouvements du r\u00e9el plut\u00f4t que de les commander. \u00bb <\/p>\n\n\n\n<p>David Le Breton anthropologue, sociologue: \u00a0\u00bb Marcher la photographie\u00a0\u00bb<\/p>\n\n\n\n<p>Choix musical de Bernard Plossu:<\/p>\n\n\n\n<p>\u00ab\u00a0I Want You\u00a0\u00bb, Bob Dylan;  \u00ab\u00a0Silver Dager\u00a0\u00bb Joan Baez; \u00a0\u00bb Douce France\u00a0\u00bb Charles Trenet,; <\/p>\n\n\n\n<p>Extrait de la bande son de \u00ab\u00a0la Notte\u00a0\u00bb Antonioni<\/p>\n","protected":false},"excerpt":{"rendered":"<p>A l&rsquo;occasion de l&rsquo;exposition qui lui est consacr\u00e9e \u00e0 la galerie \u00ab\u00a0les territoires partag\u00e9s\u00a0\u00bb, 81 rue de la Loubi\u00e8re jusqu\u2019au 2 avril \u00ab\u00a0Je ne suis pas un critique ou un sp\u00e9cialiste de l&rsquo;histoire de la photographie, j&rsquo;\u00e9cris ce texte sur l&rsquo;oeuvre de Bernard Plossu au regard de ce qu&rsquo;elle me donne \u00e0 penser, ce qu&rsquo;elle [&hellip;]<\/p>\n","protected":false},"author":1,"featured_media":0,"comment_status":"open","ping_status":"open","sticky":false,"template":"","format":"standard","meta":{"footnotes":""},"categories":[1],"tags":[],"_links":{"self":[{"href":"http:\/\/www.madehok.com\/_lesTransversales\/index.php?rest_route=\/wp\/v2\/posts\/3287"}],"collection":[{"href":"http:\/\/www.madehok.com\/_lesTransversales\/index.php?rest_route=\/wp\/v2\/posts"}],"about":[{"href":"http:\/\/www.madehok.com\/_lesTransversales\/index.php?rest_route=\/wp\/v2\/types\/post"}],"author":[{"embeddable":true,"href":"http:\/\/www.madehok.com\/_lesTransversales\/index.php?rest_route=\/wp\/v2\/users\/1"}],"replies":[{"embeddable":true,"href":"http:\/\/www.madehok.com\/_lesTransversales\/index.php?rest_route=%2Fwp%2Fv2%2Fcomments&post=3287"}],"version-history":[{"count":2,"href":"http:\/\/www.madehok.com\/_lesTransversales\/index.php?rest_route=\/wp\/v2\/posts\/3287\/revisions"}],"predecessor-version":[{"id":3293,"href":"http:\/\/www.madehok.com\/_lesTransversales\/index.php?rest_route=\/wp\/v2\/posts\/3287\/revisions\/3293"}],"wp:attachment":[{"href":"http:\/\/www.madehok.com\/_lesTransversales\/index.php?rest_route=%2Fwp%2Fv2%2Fmedia&parent=3287"}],"wp:term":[{"taxonomy":"category","embeddable":true,"href":"http:\/\/www.madehok.com\/_lesTransversales\/index.php?rest_route=%2Fwp%2Fv2%2Fcategories&post=3287"},{"taxonomy":"post_tag","embeddable":true,"href":"http:\/\/www.madehok.com\/_lesTransversales\/index.php?rest_route=%2Fwp%2Fv2%2Ftags&post=3287"}],"curies":[{"name":"wp","href":"https:\/\/api.w.org\/{rel}","templated":true}]}}