{"id":3336,"date":"2021-06-16T06:29:30","date_gmt":"2021-06-16T06:29:30","guid":{"rendered":"http:\/\/www.madehok.com\/_lesTransversales\/?p=3336"},"modified":"2021-06-17T20:54:16","modified_gmt":"2021-06-17T20:54:16","slug":"andrea-ferreol","status":"publish","type":"post","link":"http:\/\/www.madehok.com\/_lesTransversales\/?p=3336","title":{"rendered":"Andr\u00e9a Ferr\u00e9ol"},"content":{"rendered":"\n<p>Une actrice qu&rsquo;on ne pr\u00e9sente plus, une com\u00e9dienne \u00e0 la carri\u00e8re internationale, \u00e0 propos de la 15\u00e8me \u00e9dition des Fl\u00e2neries d&rsquo;art contemporain dans les jardins aixois<\/p>\n\n\n\n<figure class=\"wp-block-image size-large\"><img loading=\"lazy\" decoding=\"async\" width=\"195\" height=\"259\" src=\"http:\/\/www.madehok.com\/_lesTransversales\/wp-content\/uploads\/2021\/06\/index.jpg\" alt=\"\" class=\"wp-image-3339\"\/><\/figure>\n\n\n\n<figure class=\"wp-block-audio\"><audio controls src=\"http:\/\/www.madehok.com\/_lesTransversales\/wp-content\/uploads\/2021\/06\/Transversales_AFerreol_1.mp3.mp3\"><\/audio><\/figure>\n\n\n\n<figure class=\"wp-block-audio\"><audio controls src=\"http:\/\/www.madehok.com\/_lesTransversales\/wp-content\/uploads\/2021\/06\/Transversales_AFerreol_2.mp3.mp3\"><\/audio><\/figure>\n\n\n\n<figure class=\"wp-block-audio\"><audio controls src=\"http:\/\/www.madehok.com\/_lesTransversales\/wp-content\/uploads\/2021\/06\/Transversales_AFerreol_3.mp3.mp3\"><\/audio><\/figure>\n\n\n\n<p>Une artiste qui a accept\u00e9 de venir au micro des transversales, depuis ses terres aixoises. Un entretien dans lequel elle \u00e9voque pour nous quelques uns des r\u00e9alisateurs avec lesquels elle a tourn\u00e9 pour ce citer que ceux l\u00e0:  Fassbinder, Ettore Scola, Francesco Rosi,  Peter Greenaway ,  Marco Ferreri  Fran\u00e7ois Truffaut.<\/p>\n\n\n\n<p>L&rsquo;occasion de nous pr\u00e9senter la 15eme \u00e9dition des  Fl\u00e2neries d&rsquo;art contemporain dans les jardins aixois les 26 et 27 juin, en entr\u00e9e libre,  une \u00e9dition qui fait la part belle \u00e0 la musique, la danse, l\u2019op\u00e9ra, la litt\u00e9rature.<\/p>\n\n\n\n<p>Et puis, des lectures en particulier des  lettres d\u2019amour d\u2019auteurs anciens et contemporains lues par <strong>Anny Duperey, Samuel Labarthe, Andr\u00e9a Ferr\u00e9ol.<\/strong><\/p>\n\n\n\n<p>Des rencontres, une master classe, fait exceptionnel, six  jardins priv\u00e9s nous ouvrent leurs portes .<\/p>\n\n\n\n<p>Tout un week-end  consacr\u00e9 a l\u2019art contemporain, les 26 et 27 juin 2021 <\/p>\n","protected":false},"excerpt":{"rendered":"<p>Une actrice qu&rsquo;on ne pr\u00e9sente plus, une com\u00e9dienne \u00e0 la carri\u00e8re internationale, \u00e0 propos de la 15\u00e8me \u00e9dition des Fl\u00e2neries d&rsquo;art contemporain dans les jardins aixois Une artiste qui a accept\u00e9 de venir au micro des transversales, depuis ses terres aixoises. Un entretien dans lequel elle \u00e9voque pour nous quelques uns des r\u00e9alisateurs avec lesquels [&hellip;]<\/p>\n","protected":false},"author":1,"featured_media":0,"comment_status":"open","ping_status":"open","sticky":false,"template":"","format":"standard","meta":{"footnotes":""},"categories":[1],"tags":[],"_links":{"self":[{"href":"http:\/\/www.madehok.com\/_lesTransversales\/index.php?rest_route=\/wp\/v2\/posts\/3336"}],"collection":[{"href":"http:\/\/www.madehok.com\/_lesTransversales\/index.php?rest_route=\/wp\/v2\/posts"}],"about":[{"href":"http:\/\/www.madehok.com\/_lesTransversales\/index.php?rest_route=\/wp\/v2\/types\/post"}],"author":[{"embeddable":true,"href":"http:\/\/www.madehok.com\/_lesTransversales\/index.php?rest_route=\/wp\/v2\/users\/1"}],"replies":[{"embeddable":true,"href":"http:\/\/www.madehok.com\/_lesTransversales\/index.php?rest_route=%2Fwp%2Fv2%2Fcomments&post=3336"}],"version-history":[{"count":2,"href":"http:\/\/www.madehok.com\/_lesTransversales\/index.php?rest_route=\/wp\/v2\/posts\/3336\/revisions"}],"predecessor-version":[{"id":3343,"href":"http:\/\/www.madehok.com\/_lesTransversales\/index.php?rest_route=\/wp\/v2\/posts\/3336\/revisions\/3343"}],"wp:attachment":[{"href":"http:\/\/www.madehok.com\/_lesTransversales\/index.php?rest_route=%2Fwp%2Fv2%2Fmedia&parent=3336"}],"wp:term":[{"taxonomy":"category","embeddable":true,"href":"http:\/\/www.madehok.com\/_lesTransversales\/index.php?rest_route=%2Fwp%2Fv2%2Fcategories&post=3336"},{"taxonomy":"post_tag","embeddable":true,"href":"http:\/\/www.madehok.com\/_lesTransversales\/index.php?rest_route=%2Fwp%2Fv2%2Ftags&post=3336"}],"curies":[{"name":"wp","href":"https:\/\/api.w.org\/{rel}","templated":true}]}}