{"id":3358,"date":"2021-10-06T21:03:47","date_gmt":"2021-10-06T21:03:47","guid":{"rendered":"http:\/\/www.madehok.com\/_lesTransversales\/?p=3358"},"modified":"2021-10-12T16:40:20","modified_gmt":"2021-10-12T16:40:20","slug":"odile-lecour-muriel-tomao","status":"publish","type":"post","link":"http:\/\/www.madehok.com\/_lesTransversales\/?p=3358","title":{"rendered":"Odile Lecour, Muriel Tomao"},"content":{"rendered":"\n<p>             A propos de la 17eme \u00e9dition du Festival, <\/p>\n\n\n\n<p>           les Voix du chant du 9 Octobre au 12 Novembre<\/p>\n\n\n\n<figure class=\"wp-block-image size-large\"><img loading=\"lazy\" decoding=\"async\" width=\"1024\" height=\"768\" src=\"http:\/\/www.madehok.com\/_lesTransversales\/wp-content\/uploads\/2021\/10\/IMG-7889-1024x768.jpg\" alt=\"\" class=\"wp-image-3365\" srcset=\"http:\/\/www.madehok.com\/_lesTransversales\/wp-content\/uploads\/2021\/10\/IMG-7889-1024x768.jpg 1024w, http:\/\/www.madehok.com\/_lesTransversales\/wp-content\/uploads\/2021\/10\/IMG-7889-300x225.jpg 300w, http:\/\/www.madehok.com\/_lesTransversales\/wp-content\/uploads\/2021\/10\/IMG-7889-768x576.jpg 768w, http:\/\/www.madehok.com\/_lesTransversales\/wp-content\/uploads\/2021\/10\/IMG-7889-1536x1152.jpg 1536w, http:\/\/www.madehok.com\/_lesTransversales\/wp-content\/uploads\/2021\/10\/IMG-7889-2048x1536.jpg 2048w\" sizes=\"(max-width: 1024px) 100vw, 1024px\" \/><\/figure>\n\n\n\n<figure class=\"wp-block-audio\"><audio controls src=\"http:\/\/www.madehok.com\/_lesTransversales\/wp-content\/uploads\/2021\/10\/Transversales_MurielTomaoOl_1.mp3.mp3\"><\/audio><\/figure>\n\n\n\n<figure class=\"wp-block-audio\"><audio controls src=\"http:\/\/www.madehok.com\/_lesTransversales\/wp-content\/uploads\/2021\/10\/Transversales_MurielTomaoOl_2.mp3.mp3\"><\/audio><\/figure>\n\n\n\n<figure class=\"wp-block-audio\"><audio controls src=\"http:\/\/www.madehok.com\/_lesTransversales\/wp-content\/uploads\/2021\/10\/Transversales_MurielTomaoOl_3.mp3.mp3\"><\/audio><\/figure>\n\n\n\n<p>Cette semaine\u00a0 il est question de chants et de musiques, du festival de vives voix, de ses musiciens, de ses\u00a0 concerts, de ses artistes, 17eme \u00e9dition cette ann\u00e9e depuis le samedi 9 octobre au 12 novembre,  c\u2019est \u00e0 l&rsquo;auditorium de la Maison du chant  au 49 rue Chape 4eme arrondissement \u00e0 Marseille  vendredi samedi et dimanche<\/p>\n\n\n\n<p>La maison du chant lieu enti\u00e8rement d\u00e9di\u00e9 aux artistes , \u00e0 la voix, \u00e0 la musique, aux musiques du monde, lieu cr\u00e9\u00e9 en 2003 par Odile Lecour que nous connaissons bien ici aux transversales, l\u2019\u00e2me de la maison qui en assure&nbsp; depuis la direction administrative et aussi&nbsp; artistique.<\/p>\n\n\n\n<p>On \u00e9voque ici le festival de vive voix,\u00a0 la maison du chant, ce qui s\u2019y \u00e9labore, ce qui s\u2019y chante ses artistes, ses concerts, mais pas seulement j\u2019ai le grand plaisir d\u2019accueillir Odile Lecour,\u00a0 elle est accompagn\u00e9e cette semaine de la chanteuse lyrique mezzo soprano Muriel Tomao.<\/p>\n\n\n\n<p>Festival de vives voix,  17eme\u00a0 \u00e9dition cette ann\u00e9e un festival  comme une ouverture sur le monde \u00e0 travers la voix , le chant , la musique.<\/p>\n","protected":false},"excerpt":{"rendered":"<p>A propos de la 17eme \u00e9dition du Festival, les Voix du chant du 9 Octobre au 12 Novembre Cette semaine\u00a0 il est question de chants et de musiques, du festival de vives voix, de ses musiciens, de ses\u00a0 concerts, de ses artistes, 17eme \u00e9dition cette ann\u00e9e depuis le samedi 9 octobre au 12 novembre, c\u2019est [&hellip;]<\/p>\n","protected":false},"author":1,"featured_media":0,"comment_status":"open","ping_status":"open","sticky":false,"template":"","format":"standard","meta":{"footnotes":""},"categories":[1],"tags":[],"_links":{"self":[{"href":"http:\/\/www.madehok.com\/_lesTransversales\/index.php?rest_route=\/wp\/v2\/posts\/3358"}],"collection":[{"href":"http:\/\/www.madehok.com\/_lesTransversales\/index.php?rest_route=\/wp\/v2\/posts"}],"about":[{"href":"http:\/\/www.madehok.com\/_lesTransversales\/index.php?rest_route=\/wp\/v2\/types\/post"}],"author":[{"embeddable":true,"href":"http:\/\/www.madehok.com\/_lesTransversales\/index.php?rest_route=\/wp\/v2\/users\/1"}],"replies":[{"embeddable":true,"href":"http:\/\/www.madehok.com\/_lesTransversales\/index.php?rest_route=%2Fwp%2Fv2%2Fcomments&post=3358"}],"version-history":[{"count":3,"href":"http:\/\/www.madehok.com\/_lesTransversales\/index.php?rest_route=\/wp\/v2\/posts\/3358\/revisions"}],"predecessor-version":[{"id":3367,"href":"http:\/\/www.madehok.com\/_lesTransversales\/index.php?rest_route=\/wp\/v2\/posts\/3358\/revisions\/3367"}],"wp:attachment":[{"href":"http:\/\/www.madehok.com\/_lesTransversales\/index.php?rest_route=%2Fwp%2Fv2%2Fmedia&parent=3358"}],"wp:term":[{"taxonomy":"category","embeddable":true,"href":"http:\/\/www.madehok.com\/_lesTransversales\/index.php?rest_route=%2Fwp%2Fv2%2Fcategories&post=3358"},{"taxonomy":"post_tag","embeddable":true,"href":"http:\/\/www.madehok.com\/_lesTransversales\/index.php?rest_route=%2Fwp%2Fv2%2Ftags&post=3358"}],"curies":[{"name":"wp","href":"https:\/\/api.w.org\/{rel}","templated":true}]}}