{"id":3487,"date":"2022-01-11T12:27:21","date_gmt":"2022-01-11T12:27:21","guid":{"rendered":"http:\/\/www.madehok.com\/_lesTransversales\/?p=3487"},"modified":"2022-01-14T18:14:51","modified_gmt":"2022-01-14T18:14:51","slug":"raquel-rache-de-andrade","status":"publish","type":"post","link":"http:\/\/www.madehok.com\/_lesTransversales\/?p=3487","title":{"rendered":"Raquel Rache de Andrade"},"content":{"rendered":"\n<figure class=\"wp-block-image size-large\"><img loading=\"lazy\" decoding=\"async\" width=\"1024\" height=\"768\" src=\"http:\/\/www.madehok.com\/_lesTransversales\/wp-content\/uploads\/2022\/01\/IMG-8237-1-1024x768.jpg\" alt=\"\" class=\"wp-image-3491\" srcset=\"http:\/\/www.madehok.com\/_lesTransversales\/wp-content\/uploads\/2022\/01\/IMG-8237-1-1024x768.jpg 1024w, http:\/\/www.madehok.com\/_lesTransversales\/wp-content\/uploads\/2022\/01\/IMG-8237-1-300x225.jpg 300w, http:\/\/www.madehok.com\/_lesTransversales\/wp-content\/uploads\/2022\/01\/IMG-8237-1-768x576.jpg 768w, http:\/\/www.madehok.com\/_lesTransversales\/wp-content\/uploads\/2022\/01\/IMG-8237-1-1536x1152.jpg 1536w, http:\/\/www.madehok.com\/_lesTransversales\/wp-content\/uploads\/2022\/01\/IMG-8237-1-2048x1536.jpg 2048w\" sizes=\"(max-width: 1024px) 100vw, 1024px\" \/><\/figure>\n\n\n\n<p>A propos de la Biac, et de l&rsquo;Entre 2 Biac, Biennale internationale des arts du Cirque, un mois de cirque \u00e0 Marseille et dans la r\u00e9gion, \u00e0 partir du mercredi 12 janvier et jusqu&rsquo;au 13 f\u00e9vrier 2022<\/p>\n\n\n\n<figure class=\"wp-block-audio\"><audio controls src=\"http:\/\/www.madehok.com\/_lesTransversales\/wp-content\/uploads\/2022\/01\/Transversales_RRDAndrade_1.mp3.mp3\"><\/audio><\/figure>\n\n\n\n<figure class=\"wp-block-audio\"><audio controls src=\"http:\/\/www.madehok.com\/_lesTransversales\/wp-content\/uploads\/2022\/01\/Transversales_RRDAndrade_2.mp3.mp3\"><\/audio><\/figure>\n\n\n\n<figure class=\"wp-block-audio\"><audio controls src=\"http:\/\/www.madehok.com\/_lesTransversales\/wp-content\/uploads\/2022\/01\/Transversales_RRDAndrade_3.mp3.mp3\"><\/audio><\/figure>\n\n\n\n<p>&#8230; Et parce que <\/p>\n\n\n\n<p>\u00ab\u00a0<a href=\"https:\/\/www.lesechos.fr\/industrie-services\/services-conseils\/la-biennale-de-marseille-est-au-cirque-ce-que-le-festival-davignon-est-au-theatre-963179\">La Biennale de Marseille est au cirque ce qu&rsquo;Avignon est au th\u00e9\u00e2tre<\/a>\u00ab\u00a0&#8230;<\/p>\n\n\n\n<p>voil\u00e0 ce qu\u2019ils en disent:&nbsp;<\/p>\n\n\n\n<p>\u00ab\u00a0<em>Nous affirmons que l\u2019art est essentiel, que la vie culturelle est fondamentale. Les hommes des cavernes nous ont laiss\u00e9 les traces picturales de l\u2019indispensable n\u00e9cessit\u00e9 d\u2019expression de l\u2019humanit\u00e9 ; d\u00e9j\u00e0, ils montaient sur les \u00e9paules des uns et des autres pour tenter de d\u00e9crocher la lune\u2026 <\/em><\/p>\n\n\n\n<p><em>Le cirque \u00e9tait n\u00e9, essentiel pour toujours !<\/em><\/p>\n\n\n\n<p>\u00ab\u00a0Un texte sign\u00e9 par Raquel Rache de Andrade et Guy Carrara Co fondateurs de la Biac et Co directeurs\u00a0 d\u2019Archaos <\/p>\n\n\n\n<p>Raquel Rache de Andrade, est avec moi cette semaine, elles est la co\u00a0 fondatrice de la Biennale internationale du cirque contemporain \u00e0 Marseille et et co directrice d&rsquo;Archaos  P\u00f4le National Cirque<\/p>\n\n\n\n<p>N\u00e9e au Br\u00e9sil, apr\u00e8s\u00a0 quatre ann\u00e9es de formation \u00e0 l&rsquo;\u00e9cole Nationale de Cirque du Br\u00e9sil, en 1988, elle rejoint  Marseille et la compagnie Archaos<\/p>\n\n\n\n<p>Raquel Rache de Andrade, nous raconte son parcours, avec une grande simplicit\u00e9, son amour pour le th\u00e9\u00e2tre, mais aussi pour les mots, aujourd\u2019hui, le cirque&#8230; une passion&#8230; essentiel !!!<\/p>\n\n\n\n<p>Extraits: <\/p>\n\n\n\n<p><a href=\"https:\/\/www.youtube.com\/watch?v=GSstkEERHcc\"><strong>Cirque la Compagnie &#8211; Pandax \/ Entre 2 BIAC 2022<\/strong><\/a><strong> domaine de Fontblanche a Vitrolles les 4, 5,et 6 F\u00e9vrier<\/strong><\/p>\n\n\n\n<p>\u00ab\u00a0Respire, une travers\u00e9e funambule\u00a0\u00bb Johanne Humblet \u00e0 la vieille Charit\u00e9 samedi 15 et Dimanche&nbsp; 16 janvier 11 h&nbsp;<\/p>\n\n\n\n<p><a href=\"https:\/\/www.youtube.com\/watch?v=B-3dNk97wQY\"><strong>https:\/\/www.youtube.com\/watch?v=B-3dNk97wQY<\/strong><\/a><strong> <\/strong>Les filles du renard p\u00e2le &#8212; une captation du <strong>4 mai 2021<\/strong><\/p>\n\n\n\n<p>Entretien avec Johanne Humblet, funambule et directrice artistique de la compagnie Les filles du renard p\u00e2le, \u00e0 l&rsquo;occasion de sa  r\u00e9sidence \u00e0 l&rsquo;Atelier 231 en mars 2021 pour la cr\u00e9ation \u00ab\u00a0Respire, une travers\u00e9e funambule\u00a0\u00bb.&nbsp;<\/p>\n\n\n\n<p><a href=\"https:\/\/www.youtube.com\/watch?v=pUYE2N0BX68\"><strong>\u00ab\u00a0Dans ton coeur\u00a0\u00bb : Cie Akoreacro \/ Pierre Guillois<\/strong><\/a><\/p>\n\n\n\n<p><a href=\"https:\/\/www.youtube.com\/watch?v=OSftcUxFt5U\">https:\/\/www.youtube.com\/watch?v=OSftcUxFt5U<\/a> <\/p>\n\n\n\n<p>Johann Le Guillerm<\/p>\n\n\n\n<p><\/p>\n","protected":false},"excerpt":{"rendered":"<p>A propos de la Biac, et de l&rsquo;Entre 2 Biac, Biennale internationale des arts du Cirque, un mois de cirque \u00e0 Marseille et dans la r\u00e9gion, \u00e0 partir du mercredi 12 janvier et jusqu&rsquo;au 13 f\u00e9vrier 2022 &#8230; Et parce que \u00ab\u00a0La Biennale de Marseille est au cirque ce qu&rsquo;Avignon est au th\u00e9\u00e2tre\u00ab\u00a0&#8230; voil\u00e0 ce [&hellip;]<\/p>\n","protected":false},"author":1,"featured_media":0,"comment_status":"open","ping_status":"open","sticky":false,"template":"","format":"standard","meta":{"footnotes":""},"categories":[1],"tags":[],"_links":{"self":[{"href":"http:\/\/www.madehok.com\/_lesTransversales\/index.php?rest_route=\/wp\/v2\/posts\/3487"}],"collection":[{"href":"http:\/\/www.madehok.com\/_lesTransversales\/index.php?rest_route=\/wp\/v2\/posts"}],"about":[{"href":"http:\/\/www.madehok.com\/_lesTransversales\/index.php?rest_route=\/wp\/v2\/types\/post"}],"author":[{"embeddable":true,"href":"http:\/\/www.madehok.com\/_lesTransversales\/index.php?rest_route=\/wp\/v2\/users\/1"}],"replies":[{"embeddable":true,"href":"http:\/\/www.madehok.com\/_lesTransversales\/index.php?rest_route=%2Fwp%2Fv2%2Fcomments&post=3487"}],"version-history":[{"count":9,"href":"http:\/\/www.madehok.com\/_lesTransversales\/index.php?rest_route=\/wp\/v2\/posts\/3487\/revisions"}],"predecessor-version":[{"id":3504,"href":"http:\/\/www.madehok.com\/_lesTransversales\/index.php?rest_route=\/wp\/v2\/posts\/3487\/revisions\/3504"}],"wp:attachment":[{"href":"http:\/\/www.madehok.com\/_lesTransversales\/index.php?rest_route=%2Fwp%2Fv2%2Fmedia&parent=3487"}],"wp:term":[{"taxonomy":"category","embeddable":true,"href":"http:\/\/www.madehok.com\/_lesTransversales\/index.php?rest_route=%2Fwp%2Fv2%2Fcategories&post=3487"},{"taxonomy":"post_tag","embeddable":true,"href":"http:\/\/www.madehok.com\/_lesTransversales\/index.php?rest_route=%2Fwp%2Fv2%2Ftags&post=3487"}],"curies":[{"name":"wp","href":"https:\/\/api.w.org\/{rel}","templated":true}]}}