{"id":3529,"date":"2022-01-31T21:08:01","date_gmt":"2022-01-31T21:08:01","guid":{"rendered":"http:\/\/www.madehok.com\/_lesTransversales\/?p=3529"},"modified":"2022-01-31T21:09:43","modified_gmt":"2022-01-31T21:09:43","slug":"dany-leveque","status":"publish","type":"post","link":"http:\/\/www.madehok.com\/_lesTransversales\/?p=3529","title":{"rendered":"Dany L\u00e9v\u00e8que"},"content":{"rendered":"\n<figure class=\"wp-block-image size-large\"><img loading=\"lazy\" decoding=\"async\" width=\"480\" height=\"640\" src=\"http:\/\/www.madehok.com\/_lesTransversales\/wp-content\/uploads\/2019\/04\/IMG_4328-e1554237599701.jpg\" alt=\"\" class=\"wp-image-2895\" srcset=\"http:\/\/www.madehok.com\/_lesTransversales\/wp-content\/uploads\/2019\/04\/IMG_4328-e1554237599701.jpg 480w, http:\/\/www.madehok.com\/_lesTransversales\/wp-content\/uploads\/2019\/04\/IMG_4328-e1554237599701-225x300.jpg 225w\" sizes=\"(max-width: 480px) 100vw, 480px\" \/><\/figure>\n\n\n\n<p>Une rediffusion du 2 Avril 2019<\/p>\n\n\n\n<p>Une rencontre passionnante avec  Dany L\u00e9v\u00e8que.<\/p>\n\n\n\n<figure class=\"wp-block-audio\"><audio controls src=\"http:\/\/www.madehok.com\/_lesTransversales\/wp-content\/uploads\/2022\/01\/Transversales_DLeveque_1.mp3.mp3\"><\/audio><\/figure>\n\n\n\n<figure class=\"wp-block-audio\"><audio controls src=\"http:\/\/www.madehok.com\/_lesTransversales\/wp-content\/uploads\/2022\/01\/Transversales_DLeveque_2.mp3.mp3\"><\/audio><\/figure>\n\n\n\n<figure class=\"wp-block-audio\"><audio controls src=\"http:\/\/www.madehok.com\/_lesTransversales\/wp-content\/uploads\/2022\/01\/Transversales_DLeveque_3.mp3.mp3\"><\/audio><\/figure>\n\n\n\n<p><\/p>\n\n\n\n<p>Dany L\u00e9v\u00e8que est chor\u00e9ologue au sein de l\u2019\u00e9quipe artistique du ballet d\u2019Angelin Preljocaj<\/p>\n\n\n\n<p>Elle nous r\u00e9v\u00e8le ici les secrets de son m\u00e9tier, \u00e9voque pour nous son parcours, sa rencontre avec le chor\u00e9graphe, qu\u2019elle accompagne de ses signes depuis 1992 , elle nous dit tout de la notation Benesh<\/p>\n\n\n\n<p>\u00ab&nbsp;La danse comme un langage, une \u00e9criture, une grammaire.<br>Il est question cette semaine de danse, de mouvements, de chor\u00e9graphie, de la notation Benech, comme une histoire d\u2019amour, comment de cet art \u00e9ph\u00e9m\u00e8re qu\u2019est la danse en retenir la m\u00e9moire&nbsp;\u00bb<\/p>\n\n\n\n<p>\u00ab&nbsp;Angelin Preljocaj, de la cr\u00e9ation \u00e0 la m\u00e9moire de la danse&nbsp;\u00bb, c\u2019est le titre du r\u00e9cit de Dany  L\u00e9v\u00e8que, un ouvrage paru en 2011 aux \u00e9ditions les belles lettres Archimbaud<br>\u00ab&nbsp;Ce livre donne une visibilit\u00e9 \u00e0 la profession rare et pr\u00e9cieuse de chor\u00e9ologue. L\u2019attitude particuli\u00e8re de son regard sur ma danse en devenir donne \u00e0 d\u00e9couvrir l\u2019univers, si difficile \u00e0 partager, des diff\u00e9rentes \u00e9tapes d\u2019une cr\u00e9ation&nbsp;\u00bb Extrait de la pr\u00e9face sign\u00e9 A Preljocaj<br><\/p>\n\n\n\n<p><\/p>\n","protected":false},"excerpt":{"rendered":"<p>Une rediffusion du 2 Avril 2019 Une rencontre passionnante avec Dany L\u00e9v\u00e8que. Dany L\u00e9v\u00e8que est chor\u00e9ologue au sein de l\u2019\u00e9quipe artistique du ballet d\u2019Angelin Preljocaj Elle nous r\u00e9v\u00e8le ici les secrets de son m\u00e9tier, \u00e9voque pour nous son parcours, sa rencontre avec le chor\u00e9graphe, qu\u2019elle accompagne de ses signes depuis 1992 , elle nous dit [&hellip;]<\/p>\n","protected":false},"author":1,"featured_media":0,"comment_status":"open","ping_status":"open","sticky":false,"template":"","format":"standard","meta":{"footnotes":""},"categories":[1],"tags":[],"_links":{"self":[{"href":"http:\/\/www.madehok.com\/_lesTransversales\/index.php?rest_route=\/wp\/v2\/posts\/3529"}],"collection":[{"href":"http:\/\/www.madehok.com\/_lesTransversales\/index.php?rest_route=\/wp\/v2\/posts"}],"about":[{"href":"http:\/\/www.madehok.com\/_lesTransversales\/index.php?rest_route=\/wp\/v2\/types\/post"}],"author":[{"embeddable":true,"href":"http:\/\/www.madehok.com\/_lesTransversales\/index.php?rest_route=\/wp\/v2\/users\/1"}],"replies":[{"embeddable":true,"href":"http:\/\/www.madehok.com\/_lesTransversales\/index.php?rest_route=%2Fwp%2Fv2%2Fcomments&post=3529"}],"version-history":[{"count":4,"href":"http:\/\/www.madehok.com\/_lesTransversales\/index.php?rest_route=\/wp\/v2\/posts\/3529\/revisions"}],"predecessor-version":[{"id":3536,"href":"http:\/\/www.madehok.com\/_lesTransversales\/index.php?rest_route=\/wp\/v2\/posts\/3529\/revisions\/3536"}],"wp:attachment":[{"href":"http:\/\/www.madehok.com\/_lesTransversales\/index.php?rest_route=%2Fwp%2Fv2%2Fmedia&parent=3529"}],"wp:term":[{"taxonomy":"category","embeddable":true,"href":"http:\/\/www.madehok.com\/_lesTransversales\/index.php?rest_route=%2Fwp%2Fv2%2Fcategories&post=3529"},{"taxonomy":"post_tag","embeddable":true,"href":"http:\/\/www.madehok.com\/_lesTransversales\/index.php?rest_route=%2Fwp%2Fv2%2Ftags&post=3529"}],"curies":[{"name":"wp","href":"https:\/\/api.w.org\/{rel}","templated":true}]}}