{"id":3606,"date":"2022-03-21T14:40:19","date_gmt":"2022-03-21T14:40:19","guid":{"rendered":"http:\/\/www.madehok.com\/_lesTransversales\/?p=3606"},"modified":"2022-03-31T21:20:32","modified_gmt":"2022-03-31T21:20:32","slug":"laurent-daycard","status":"publish","type":"post","link":"http:\/\/www.madehok.com\/_lesTransversales\/?p=3606","title":{"rendered":"Laurent Daycard"},"content":{"rendered":"<p><img loading=\"lazy\" decoding=\"async\" class=\"alignnone size-full wp-image-3648\" src=\"http:\/\/www.madehok.com\/_lesTransversales\/wp-content\/uploads\/2022\/03\/images-1.jpg\" alt=\"\" width=\"279\" height=\"181\" \/>\u00a0Laurent Daycard est conteur professionnel, et depuis 1997, directeur artistique\u00a0 de la Baleine qui dit Vagues<\/p>\n<p>\u00a0<\/p>\n\n\n<figure class=\"wp-block-audio\"><audio controls src=\"http:\/\/www.madehok.com\/_lesTransversales\/wp-content\/uploads\/2022\/03\/Transversales_Ldaycard_1.mp3.mp3\"><\/audio><\/figure>\n\n\n\n<figure class=\"wp-block-audio\"><audio controls src=\"http:\/\/www.madehok.com\/_lesTransversales\/wp-content\/uploads\/2022\/03\/Transversales_Ldaycard_2.mp3.mp3\"><\/audio><\/figure>\n\n\n\n<figure class=\"wp-block-audio\"><audio controls src=\"http:\/\/www.madehok.com\/_lesTransversales\/wp-content\/uploads\/2022\/03\/Transversales_LDaycard_3.mp3.mp3\"><\/audio><\/figure>\n\n\n\n<div class=\"wp-block-group\"><div class=\"wp-block-group__inner-container is-layout-flow wp-block-group-is-layout-flow\">\n<p>O\u00f9 il est question, de mythes, de l\u00e9gendes,&nbsp; d\u2019\u00e9pop\u00e9es, du conte dans les&nbsp; traditions populaires ou&nbsp; savantes, du monde celtique,&nbsp; de l&rsquo;Irlande \u00e0 l\u2019\u00c9cosse en passant par la Bretagne.<br>&#8230;.Et parce que le conte n\u2019a pas d&rsquo;\u00e2ge et qu&rsquo;il n&rsquo;y a&nbsp; pas d&rsquo;\u00e2ge pour le conte, Laurent Daycard nous emm\u00e8ne \u00e0 la d\u00e9couverte de la Baleine qui dit Vagues.<\/p>\n<p>O\u00f9 il est question des r\u00e9cits de la Table Ronde \u00e0 travers le prisme des r\u00e9cits celtes.<\/p>\n<p>Laurent Daycard&nbsp; sera sur la sc\u00e8ne du th\u00e9\u00e2tre de la Cri\u00e9e th\u00e9\u00e2tre national de Marseille les&nbsp; 24, 25 et 26 mars prochains, avec les r\u00e9cits de la Table Ronde.<\/p>\n<p>Conteur professionnel depuis 1993, il a travaill\u00e9 d&rsquo;abord, comme ornithologue, notamment dans les Terres Australes et Antarctiques Fran\u00e7aises;&nbsp; il a \u00e9t\u00e9&nbsp; responsable p\u00e9dagogique d\u2019une maison de la nature,&nbsp; puis pass\u00e9 par les \u00e9coles du cirque, fait partie d\u2019une troupe de comedia del arte, enfin , il a v\u00e9cu pendant 16 mois sur un caillou, nous dit il dans un lieu compl\u00e8tement improbable.<\/p>\n<p>En 1997, il participe aux d\u00e9buts de la Baleine qui dit \u00ab\u00a0Vagues\u00a0\u00bb, alors seul th\u00e9\u00e2tre de conte en France., il nous raconte cette semaine&nbsp;<b> la gen\u00e8se de cette aventure<\/b><\/p>\n<\/div><\/div>\n","protected":false},"excerpt":{"rendered":"<p>\u00a0Laurent Daycard est conteur professionnel, et depuis 1997, directeur artistique\u00a0 de la Baleine qui dit Vagues \u00a0 O\u00f9 il est question, de mythes, de l\u00e9gendes,&nbsp; d\u2019\u00e9pop\u00e9es, du conte dans les&nbsp; traditions populaires ou&nbsp; savantes, du monde celtique,&nbsp; de l&rsquo;Irlande \u00e0 l\u2019\u00c9cosse en passant par la Bretagne.&#8230;.Et parce que le conte n\u2019a pas d&rsquo;\u00e2ge et qu&rsquo;il [&hellip;]<\/p>\n","protected":false},"author":1,"featured_media":0,"comment_status":"open","ping_status":"open","sticky":false,"template":"","format":"standard","meta":{"footnotes":""},"categories":[1],"tags":[],"_links":{"self":[{"href":"http:\/\/www.madehok.com\/_lesTransversales\/index.php?rest_route=\/wp\/v2\/posts\/3606"}],"collection":[{"href":"http:\/\/www.madehok.com\/_lesTransversales\/index.php?rest_route=\/wp\/v2\/posts"}],"about":[{"href":"http:\/\/www.madehok.com\/_lesTransversales\/index.php?rest_route=\/wp\/v2\/types\/post"}],"author":[{"embeddable":true,"href":"http:\/\/www.madehok.com\/_lesTransversales\/index.php?rest_route=\/wp\/v2\/users\/1"}],"replies":[{"embeddable":true,"href":"http:\/\/www.madehok.com\/_lesTransversales\/index.php?rest_route=%2Fwp%2Fv2%2Fcomments&post=3606"}],"version-history":[{"count":7,"href":"http:\/\/www.madehok.com\/_lesTransversales\/index.php?rest_route=\/wp\/v2\/posts\/3606\/revisions"}],"predecessor-version":[{"id":3649,"href":"http:\/\/www.madehok.com\/_lesTransversales\/index.php?rest_route=\/wp\/v2\/posts\/3606\/revisions\/3649"}],"wp:attachment":[{"href":"http:\/\/www.madehok.com\/_lesTransversales\/index.php?rest_route=%2Fwp%2Fv2%2Fmedia&parent=3606"}],"wp:term":[{"taxonomy":"category","embeddable":true,"href":"http:\/\/www.madehok.com\/_lesTransversales\/index.php?rest_route=%2Fwp%2Fv2%2Fcategories&post=3606"},{"taxonomy":"post_tag","embeddable":true,"href":"http:\/\/www.madehok.com\/_lesTransversales\/index.php?rest_route=%2Fwp%2Fv2%2Ftags&post=3606"}],"curies":[{"name":"wp","href":"https:\/\/api.w.org\/{rel}","templated":true}]}}