{"id":3631,"date":"2022-03-30T12:02:16","date_gmt":"2022-03-30T12:02:16","guid":{"rendered":"http:\/\/www.madehok.com\/_lesTransversales\/?p=3631"},"modified":"2022-03-31T21:29:02","modified_gmt":"2022-03-31T21:29:02","slug":"bruno-allary-guitariste-musicien-compositeur-fondateurde-la-compagnie-rassegna","status":"publish","type":"post","link":"http:\/\/www.madehok.com\/_lesTransversales\/?p=3631","title":{"rendered":"Bruno Allary, guitariste, musicien, compositeur, fondateurde la compagnie Rassegna"},"content":{"rendered":"\n<figure class=\"wp-block-image size-large\"><img loading=\"lazy\" decoding=\"async\" width=\"229\" height=\"220\" src=\"http:\/\/www.madehok.com\/_lesTransversales\/wp-content\/uploads\/2022\/03\/telechargement-6.jpg\" alt=\"\" class=\"wp-image-3632\"\/><\/figure>\n\n\n\n<figure class=\"wp-block-audio\"><audio controls src=\"http:\/\/www.madehok.com\/_lesTransversales\/wp-content\/uploads\/2022\/03\/Transversales_BAllaryVive_1.mp3.mp3\"><\/audio><\/figure>\n\n\n\n<figure class=\"wp-block-audio\"><audio controls src=\"http:\/\/www.madehok.com\/_lesTransversales\/wp-content\/uploads\/2022\/03\/Transversales_BAllaryVive_2.mp3.mp3\"><\/audio><\/figure>\n\n\n\n<figure class=\"wp-block-audio\"><audio controls src=\"http:\/\/www.madehok.com\/_lesTransversales\/wp-content\/uploads\/2022\/03\/Transversales_BAllaryVive_3.mp3.mp3\"><\/audio><\/figure>\n\n\n<p>\u00a0O\u00f9 il est question de la compagnie Rassegna, une compagnie au nom embl\u00e9matique qui rassemble et qui lui ressemble.<\/p>\n<p>O\u00f9 il est question de musique baroque avec Qui Vive, la derni\u00e8re cr\u00e9ation de la Compagnie, un album con\u00e7u comme un op\u00e9ra baroque o\u00f9 l\u2019amour, la folie, la mort sont convoqu\u00e9es.<\/p>\n<p>\u00ab\u00a0La musique baroque prend alors un relief in\u00e9dit sous des fl\u00fbtes \u00e0 bec \u00e9lectris\u00e9es, des violes de gambe mises en tension, des basses continues scratch\u00e9es sur des platines vinyles ou des boucles augment\u00e9es \u00e0 partir de guitares \u00e9lectriques.\u201d<\/p>\n<p>O\u00f9 il est\u00a0 il est question du bruit dans la musique, des notions de circularit\u00e9 propre au baroque.\u00a0<\/p>\n<p>E<i>t voila ce qui est dit<\/i><\/p>\n<p>\u00ab\u00a0Notre Qui-Vive est n\u00e9 ici, \u00e0 la crois\u00e9e de ces chemins, se fichant bien des \u00e9tiquettes. Agile, turbulent, curieux, il est constitu\u00e9 presque exclusivement de pi\u00e8ces n\u00e9es durant le 17\u00e8me si\u00e8cle et cl\u00f4ture un triptyque entam\u00e9 avec \u00ab Il Sole non si muove \u00bb, puis suivi par \u00ab Contretemps \u00bb&#8230;<\/p>\n<p>F\u00e9ru d\u2019anachronismes et de d\u00e9paysements, il n\u2019attache d\u2019importance qu\u2019aux id\u00e9es de circulations et de croisements\u201d\u00a0<\/p>\n<p>Extraits de l&rsquo;album \u00ab\u00a0Qui Vive\u00a0\u00bb<\/p>\n<p>Patrick Boucheron, historien, professeur au College de France, extrait du spectacle donn\u00e9 \u00e0 la Cri\u00e9e: \u00ab\u00a0Contretemps\u00a0\u00bb<\/p>\n<p>\u00ab\u00a0Qui vive\u00a0\u00bb , troisi\u00e8me volet du triptyque consacr\u00e9 au temps (dont les premiers sont <i>Il Sole non si Muove<\/i> et <i>Contretemps<\/i>),\u00a0<\/p>\n<p>.La compagnie sera en concert pour sa derni\u00e8re cr\u00e9ation\u00a0 \u00ab\u00a0Qui Vive\u00a0\u00bb Vendredi 27 Mai 2022 &#8211; 21h 6MIC &#8211; salle Musiques Actuelles du pays d&rsquo;Aix 160 Rue Pascal Duverger \u2026<\/p>","protected":false},"excerpt":{"rendered":"<p>\u00a0O\u00f9 il est question de la compagnie Rassegna, une compagnie au nom embl\u00e9matique qui rassemble et qui lui ressemble. O\u00f9 il est question de musique baroque avec Qui Vive, la derni\u00e8re cr\u00e9ation de la Compagnie, un album con\u00e7u comme un op\u00e9ra baroque o\u00f9 l\u2019amour, la folie, la mort sont convoqu\u00e9es. \u00ab\u00a0La musique baroque prend alors [&hellip;]<\/p>\n","protected":false},"author":1,"featured_media":0,"comment_status":"open","ping_status":"open","sticky":false,"template":"","format":"standard","meta":{"footnotes":""},"categories":[1],"tags":[],"_links":{"self":[{"href":"http:\/\/www.madehok.com\/_lesTransversales\/index.php?rest_route=\/wp\/v2\/posts\/3631"}],"collection":[{"href":"http:\/\/www.madehok.com\/_lesTransversales\/index.php?rest_route=\/wp\/v2\/posts"}],"about":[{"href":"http:\/\/www.madehok.com\/_lesTransversales\/index.php?rest_route=\/wp\/v2\/types\/post"}],"author":[{"embeddable":true,"href":"http:\/\/www.madehok.com\/_lesTransversales\/index.php?rest_route=\/wp\/v2\/users\/1"}],"replies":[{"embeddable":true,"href":"http:\/\/www.madehok.com\/_lesTransversales\/index.php?rest_route=%2Fwp%2Fv2%2Fcomments&post=3631"}],"version-history":[{"count":12,"href":"http:\/\/www.madehok.com\/_lesTransversales\/index.php?rest_route=\/wp\/v2\/posts\/3631\/revisions"}],"predecessor-version":[{"id":3652,"href":"http:\/\/www.madehok.com\/_lesTransversales\/index.php?rest_route=\/wp\/v2\/posts\/3631\/revisions\/3652"}],"wp:attachment":[{"href":"http:\/\/www.madehok.com\/_lesTransversales\/index.php?rest_route=%2Fwp%2Fv2%2Fmedia&parent=3631"}],"wp:term":[{"taxonomy":"category","embeddable":true,"href":"http:\/\/www.madehok.com\/_lesTransversales\/index.php?rest_route=%2Fwp%2Fv2%2Fcategories&post=3631"},{"taxonomy":"post_tag","embeddable":true,"href":"http:\/\/www.madehok.com\/_lesTransversales\/index.php?rest_route=%2Fwp%2Fv2%2Ftags&post=3631"}],"curies":[{"name":"wp","href":"https:\/\/api.w.org\/{rel}","templated":true}]}}