{"id":3758,"date":"2022-07-05T20:22:17","date_gmt":"2022-07-05T20:22:17","guid":{"rendered":"http:\/\/www.madehok.com\/_lesTransversales\/?p=3758"},"modified":"2022-07-07T13:24:52","modified_gmt":"2022-07-07T13:24:52","slug":"cyril-neyrat-ecrivain-de-cinema-coediteur-de-loeil-programmateur-au-fid","status":"publish","type":"post","link":"http:\/\/www.madehok.com\/_lesTransversales\/?p=3758","title":{"rendered":"Cyril Neyrat, auteur d&rsquo;ouvrages collectifs de cin\u00e9ma, co\u00e9diteur de l\u2019Oeil, programmateur au Fid"},"content":{"rendered":"\n<figure class=\"wp-block-image size-large\"><img loading=\"lazy\" decoding=\"async\" width=\"576\" height=\"1024\" src=\"http:\/\/www.madehok.com\/_lesTransversales\/wp-content\/uploads\/2022\/07\/IMG-8744-1-576x1024.jpg\" alt=\"\" class=\"wp-image-3769\" srcset=\"http:\/\/www.madehok.com\/_lesTransversales\/wp-content\/uploads\/2022\/07\/IMG-8744-1-576x1024.jpg 576w, http:\/\/www.madehok.com\/_lesTransversales\/wp-content\/uploads\/2022\/07\/IMG-8744-1-169x300.jpg 169w, http:\/\/www.madehok.com\/_lesTransversales\/wp-content\/uploads\/2022\/07\/IMG-8744-1-768x1365.jpg 768w, http:\/\/www.madehok.com\/_lesTransversales\/wp-content\/uploads\/2022\/07\/IMG-8744-1-864x1536.jpg 864w, http:\/\/www.madehok.com\/_lesTransversales\/wp-content\/uploads\/2022\/07\/IMG-8744-1-1152x2048.jpg 1152w, http:\/\/www.madehok.com\/_lesTransversales\/wp-content\/uploads\/2022\/07\/IMG-8744-1-scaled.jpg 1440w\" sizes=\"(max-width: 576px) 100vw, 576px\" \/><\/figure>\n\n\n<p>A propos de la 33 eme \u00e9dition du FID, Festival International de Cin\u00e9ma de Marseille<\/p>\n\n\n<figure class=\"wp-block-audio\"><audio controls src=\"http:\/\/www.madehok.com\/_lesTransversales\/wp-content\/uploads\/2022\/07\/Transversales_CNeyrat_1-2.mp3-2.mp3\"><\/audio><\/figure>\n\n\n\n<figure class=\"wp-block-audio\"><audio controls src=\"http:\/\/www.madehok.com\/_lesTransversales\/wp-content\/uploads\/2022\/07\/Transversales_CNeyrat_2.mp3.mp3\"><\/audio><\/figure>\n\n\n\n<figure class=\"wp-block-audio\"><audio controls src=\"http:\/\/www.madehok.com\/_lesTransversales\/wp-content\/uploads\/2022\/07\/Transversales_CNeyrat_3.mp3.mp3\"><\/audio><\/figure>\n\n\n<p>\u00a0<\/p>\n<p>O\u00f9 il est question du\u00a0 Fid Marseille, de sa programmation, des 1eres mondiales, mais pas seulement, le Fid se veut festival d\u00e9fricheur.<\/p>\n<p>Une\u00a0 programmation riche de 123 films qui repr\u00e9sentent 37 pays\u00a0<\/p>\n<p>Comp\u00e9tition Internationale 14 films 15 pays \/ countries<\/p>\n<p>Comp\u00e9tition Fran\u00e7aise 11 films\u00a0 et 4 pays \/ countries<\/p>\n<p>Comp\u00e9tition Flash 18 films 12 pays \/ countries\u00a0<\/p>\n<p>Comp\u00e9tition Premiers Films 10 films 11 pays<\/p>\n<p>Cyril Neyrat est critique de cin\u00e9ma,\u00a0 membre des comit\u00e9s de s\u00e9lection et de direction du FID<\/p>\n<p>O\u00f9 il est question de son parcours de jeune cin\u00e9phile et de ses rencontres, qui l&rsquo;ont amen\u00e9 \u00e0 l&rsquo;\u00e9criture, au m\u00e9tier de critique de cin\u00e9ma.<\/p>\n<p>Apr\u00e8s des \u00e9tudes de sciences politiques et de cin\u00e9ma,\u00a0 Cyril Neyrat\u00a0\u00a0 enseigne l\u2019esth\u00e9tique et l\u2019histoire du cin\u00e9ma dans les universit\u00e9s de Paris VII et Paris III.<\/p>\n<p>Il <span class=\"\">travaille <\/span><span class=\"\">comme critique (<\/span><span class=\"\">Vertigo, Cahiers du cin\u00e9ma<\/span><span class=\"\">) ainsi qu&rsquo;\u00e0<\/span> la Haute \u00e9cole d\u2019art et de Design (HEAD) de Gen\u00e8ve.<\/p>\n<p>Il a aussi \u00e9t\u00e9 l\u2019auteur d\u2019une monographie, (sur commande!) de Fran\u00e7ois Truffaut.<\/p>\n<p><span class=\"\"> Aujourd\u2019hui, son temps se partage entre le travail social aupr\u00e8s de jeunes adultes autistes, l&rsquo;\u00e9criture d&rsquo;essais,\u00a0 et l&rsquo;\u00e9dition en collaboration avec les Editions de l&rsquo;oeil, et le FIDMarseille. <\/span><\/p>\n<p>Plus r\u00e9cemment il participe \u00e0 de nombreux\u00a0 ouvrages collectifs, et livres d\u2019entretiens,\u00a0 les derniers en date:<\/p>\n<p>\u00ab\u00a0Mat\u00e9riaux : Pedro Costa\u00a0\u00bb \u00a0 en collaboration avec <a href=\"https:\/\/www.lesmots-leschoses.fr\/listeliv.php?base=paper&amp;form_recherche_avancee=ok&amp;auteurs=Pedro+Costa\">Pedro Costa<\/a>, <a href=\"https:\/\/www.lesmots-leschoses.fr\/listeliv.php?base=paper&amp;form_recherche_avancee=ok&amp;auteurs=Luc+Chessel\">Luc Chessel<\/a>, <a href=\"https:\/\/www.lesmots-leschoses.fr\/listeliv.php?form_recherche_avancee=ok&amp;editeur=Editions%20De%20L%27oeil&amp;base=paper\">Editions De L&rsquo;oeil<\/a>\u00a0 Janvier 2022<\/p>\n<p>\u201cL<a href=\"https:\/\/www.parislibrairies.fr\/livre\/9782351373224-les-chambres-du-cineaste-jacques-ranciere-cyril-neyrat-pedro-costa\/\">es chambres du cin\u00e9ast<\/a>e \u00a0\u00bb de\u00a0 <a href=\"https:\/\/www.parislibrairies.fr\/listeliv.php?base=paper&amp;form_recherche_avancee=ok&amp;auteurs=Jacques%20Ranci%C3%A8re\">Jacqu<b>es Ranci\u00e8re<\/b><\/a><b>,\u00a0 en collaboration avec\u00a0 <\/b><a href=\"https:\/\/www.parislibrairies.fr\/listeliv.php?base=paper&amp;form_recherche_avancee=ok&amp;auteurs=Pedro%20Costa\"><b>Pedro Costa<\/b><\/a><b> aux <\/b><b>Editions de l&rsquo;oeil\u00a0 <\/b><b>Juillet 2022\u00a0<\/b><\/p>\n<p>Les choix musicaux de Cyril Neyrat<\/p>\n<p><a href=\"https:\/\/www.youtube.com\/watch?v=M6VvwVplS5M\">\u00a0https:\/\/www.youtube.com\/watch?v=M6VvwVplS5M<\/a> 8 avr. 2016 Christophe interpr\u00e8te en live son titre \u00ab\u00a0Les paradis perdus\u00a0\u00bb dans Le Grand Studio RTL \u00a0 3.13<\/p>\n<p><iframe loading=\"lazy\" title=\"Dinu Lipatti plays Chopin: Waltzes on his legendary last recital at Besan\u00e7on (with bonus track)\" width=\"500\" height=\"281\" src=\"https:\/\/www.youtube.com\/embed\/pJ7wEip_wGs?start=1467&#038;feature=oembed\" frameborder=\"0\" allow=\"accelerometer; autoplay; clipboard-write; encrypted-media; gyroscope; picture-in-picture\" allowfullscreen><\/iframe><\/p>\n\n","protected":false},"excerpt":{"rendered":"<p>A propos de la 33 eme \u00e9dition du FID, Festival International de Cin\u00e9ma de Marseille \u00a0 O\u00f9 il est question du\u00a0 Fid Marseille, de sa programmation, des 1eres mondiales, mais pas seulement, le Fid se veut festival d\u00e9fricheur. Une\u00a0 programmation riche de 123 films qui repr\u00e9sentent 37 pays\u00a0 Comp\u00e9tition Internationale 14 films 15 pays \/ [&hellip;]<\/p>\n","protected":false},"author":1,"featured_media":0,"comment_status":"open","ping_status":"open","sticky":false,"template":"","format":"standard","meta":{"footnotes":""},"categories":[1],"tags":[],"_links":{"self":[{"href":"http:\/\/www.madehok.com\/_lesTransversales\/index.php?rest_route=\/wp\/v2\/posts\/3758"}],"collection":[{"href":"http:\/\/www.madehok.com\/_lesTransversales\/index.php?rest_route=\/wp\/v2\/posts"}],"about":[{"href":"http:\/\/www.madehok.com\/_lesTransversales\/index.php?rest_route=\/wp\/v2\/types\/post"}],"author":[{"embeddable":true,"href":"http:\/\/www.madehok.com\/_lesTransversales\/index.php?rest_route=\/wp\/v2\/users\/1"}],"replies":[{"embeddable":true,"href":"http:\/\/www.madehok.com\/_lesTransversales\/index.php?rest_route=%2Fwp%2Fv2%2Fcomments&post=3758"}],"version-history":[{"count":5,"href":"http:\/\/www.madehok.com\/_lesTransversales\/index.php?rest_route=\/wp\/v2\/posts\/3758\/revisions"}],"predecessor-version":[{"id":3773,"href":"http:\/\/www.madehok.com\/_lesTransversales\/index.php?rest_route=\/wp\/v2\/posts\/3758\/revisions\/3773"}],"wp:attachment":[{"href":"http:\/\/www.madehok.com\/_lesTransversales\/index.php?rest_route=%2Fwp%2Fv2%2Fmedia&parent=3758"}],"wp:term":[{"taxonomy":"category","embeddable":true,"href":"http:\/\/www.madehok.com\/_lesTransversales\/index.php?rest_route=%2Fwp%2Fv2%2Fcategories&post=3758"},{"taxonomy":"post_tag","embeddable":true,"href":"http:\/\/www.madehok.com\/_lesTransversales\/index.php?rest_route=%2Fwp%2Fv2%2Ftags&post=3758"}],"curies":[{"name":"wp","href":"https:\/\/api.w.org\/{rel}","templated":true}]}}