{"id":3774,"date":"2022-10-27T05:54:08","date_gmt":"2022-10-27T05:54:08","guid":{"rendered":"http:\/\/www.madehok.com\/_lesTransversales\/?p=3774"},"modified":"2022-10-28T08:09:05","modified_gmt":"2022-10-28T08:09:05","slug":"3774","status":"publish","type":"post","link":"http:\/\/www.madehok.com\/_lesTransversales\/?p=3774","title":{"rendered":"Nathalie Huerta, th\u00e9\u00e2tre Joliette,"},"content":{"rendered":"\n<h2 class=\"wp-block-heading\">Directrice du th\u00e9\u00e2tre Joliette, \u00e0 Marseille Sc\u00e8ne conventionn\u00e9e art et cr\u00e9ation &#8211; expressions et \u00e9critures contemporaines.<\/h2>\n\n\n\n<h2 class=\"wp-block-heading\">Ici avec Joris Besson, responsable communication  <\/h2>\n\n\n<div class=\"wp-block-image\">\n<figure class=\"aligncenter size-medium is-resized\"><a href=\"http:\/\/www.madehok.com\/_lesTransversales\/wp-content\/uploads\/2022\/10\/IMG-9216-scaled.jpg\"><img loading=\"lazy\" decoding=\"async\" src=\"http:\/\/www.madehok.com\/_lesTransversales\/wp-content\/uploads\/2022\/10\/IMG-9216-225x300.jpg\" alt=\"\" class=\"wp-image-3796\" width=\"211\" height=\"281\" srcset=\"http:\/\/www.madehok.com\/_lesTransversales\/wp-content\/uploads\/2022\/10\/IMG-9216-225x300.jpg 225w, http:\/\/www.madehok.com\/_lesTransversales\/wp-content\/uploads\/2022\/10\/IMG-9216-768x1024.jpg 768w, http:\/\/www.madehok.com\/_lesTransversales\/wp-content\/uploads\/2022\/10\/IMG-9216-1152x1536.jpg 1152w, http:\/\/www.madehok.com\/_lesTransversales\/wp-content\/uploads\/2022\/10\/IMG-9216-1536x2048.jpg 1536w, http:\/\/www.madehok.com\/_lesTransversales\/wp-content\/uploads\/2022\/10\/IMG-9216-scaled.jpg 1920w\" sizes=\"(max-width: 211px) 100vw, 211px\" \/><\/a><\/figure><\/div>\n\n\n<figure class=\"wp-block-audio\"><audio controls src=\"http:\/\/www.madehok.com\/_lesTransversales\/wp-content\/uploads\/2022\/10\/Transversales_NathalieHuerta_1.mp3-2.mp3\"><\/audio><\/figure>\n\n\n\n<figure class=\"wp-block-audio\"><audio controls src=\"http:\/\/www.madehok.com\/_lesTransversales\/wp-content\/uploads\/2022\/10\/Transversales_NathalieHuerta_2..mp2_.mp3\"><\/audio><\/figure>\n\n\n\n<figure class=\"wp-block-audio\"><audio controls src=\"http:\/\/www.madehok.com\/_lesTransversales\/wp-content\/uploads\/2022\/10\/Transversales_NathalieHuerta_3.mp3.mp3\"><\/audio><\/figure>\n\n\n<p>Depuis le 1er Septembre, Nathalie Huerta est \u00e0 la t\u00eate du th\u00e9\u00e2tre Joliette, l&rsquo;occasion de d\u00e9couvrir son parcours, mais aussi son projet plac\u00e9 sous le signe de la diversit\u00e9 et de l&rsquo;alt\u00e9rit\u00e9 , i<b>ntitulant son projet \u00ab Tissages d\u2019alt\u00e9rit\u00e9 \u00bb, <\/b>Nathalie Huerta rend ici hommage \u00e0 ses deux\u00a0 pr\u00e9d\u00e9cesseurs, et co fondateurs: Pierrette Monticelli et Ha\u00efm Menahem.<\/p>\n<p><b>Nathalie Huerta \u00e9tait jusque l\u00e0,\u00a0 la directrice du Th\u00e9\u00e2tre Jean Vilar \u00e0 Vitry-sur-Seine.\u00a0<\/b><\/p>\n<p><b>Elle soul\u00e8ve pour nous un coin du voile, pour la nouvelle saison 2023 2024, une saison qui s&rsquo;annonce enthousiasmante et passionnante. <br \/><\/b><\/p>\n<p><b>En particulier, elle nous pr\u00e9sente ses cinq compagnons qui l&rsquo;accompagneront\u00a0 pendant durant 3 ann\u00e9es: <\/b><\/p>\n<p><b>\u00a0\u00c9lise Vigneron du Th\u00e9\u00e2tre de l\u2019entrouvert, <\/b><b>Karin Holmstr\u00f6m du Begat Theater, Tamara Al Saadi de la Compagnie La Base,J\u00e9r\u00f4me de Falloise com\u00e9dien (Raoul Collectif, La Brute, le groupe de Nimis) enfin\u00a0 M\u00e9tie Navajo, autrice.<\/b><\/p>\n<p>Nous lui souhaitons ici la bienvenue.<\/p>\n<p>Choix musical de Nathalie Huerta, parmi\u00a0 10 titres de sa s\u00e9lection<\/p>\n<p><b>https:\/\/www.youtube.com\/watch?v=Bnc7Bz57CME\u00a0 Bebo Vald\u00e9s &amp; Diego El Cigala.- L\u00e1grimas Negras<\/b><\/p>\n<p><b><i>https:\/\/www.youtube.com\/watch?v=sLcbfF9ypmM \u00a0 \u00a0 madame Butterfly\u00a0 Maria Callas \u00a0 <br \/><\/i><\/b><\/p>\n<p>https:\/\/www.youtube.com\/results?search_query=cucurucucu+paloma+-+caetano+veloso<\/p>","protected":false},"excerpt":{"rendered":"<p>Directrice du th\u00e9\u00e2tre Joliette, \u00e0 Marseille Sc\u00e8ne conventionn\u00e9e art et cr\u00e9ation &#8211; expressions et \u00e9critures contemporaines. Ici avec Joris Besson, responsable communication Depuis le 1er Septembre, Nathalie Huerta est \u00e0 la t\u00eate du th\u00e9\u00e2tre Joliette, l&rsquo;occasion de d\u00e9couvrir son parcours, mais aussi son projet plac\u00e9 sous le signe de la diversit\u00e9 et de l&rsquo;alt\u00e9rit\u00e9 , [&hellip;]<\/p>\n","protected":false},"author":1,"featured_media":0,"comment_status":"open","ping_status":"open","sticky":false,"template":"","format":"standard","meta":{"footnotes":""},"categories":[1],"tags":[],"_links":{"self":[{"href":"http:\/\/www.madehok.com\/_lesTransversales\/index.php?rest_route=\/wp\/v2\/posts\/3774"}],"collection":[{"href":"http:\/\/www.madehok.com\/_lesTransversales\/index.php?rest_route=\/wp\/v2\/posts"}],"about":[{"href":"http:\/\/www.madehok.com\/_lesTransversales\/index.php?rest_route=\/wp\/v2\/types\/post"}],"author":[{"embeddable":true,"href":"http:\/\/www.madehok.com\/_lesTransversales\/index.php?rest_route=\/wp\/v2\/users\/1"}],"replies":[{"embeddable":true,"href":"http:\/\/www.madehok.com\/_lesTransversales\/index.php?rest_route=%2Fwp%2Fv2%2Fcomments&post=3774"}],"version-history":[{"count":9,"href":"http:\/\/www.madehok.com\/_lesTransversales\/index.php?rest_route=\/wp\/v2\/posts\/3774\/revisions"}],"predecessor-version":[{"id":3797,"href":"http:\/\/www.madehok.com\/_lesTransversales\/index.php?rest_route=\/wp\/v2\/posts\/3774\/revisions\/3797"}],"wp:attachment":[{"href":"http:\/\/www.madehok.com\/_lesTransversales\/index.php?rest_route=%2Fwp%2Fv2%2Fmedia&parent=3774"}],"wp:term":[{"taxonomy":"category","embeddable":true,"href":"http:\/\/www.madehok.com\/_lesTransversales\/index.php?rest_route=%2Fwp%2Fv2%2Fcategories&post=3774"},{"taxonomy":"post_tag","embeddable":true,"href":"http:\/\/www.madehok.com\/_lesTransversales\/index.php?rest_route=%2Fwp%2Fv2%2Ftags&post=3774"}],"curies":[{"name":"wp","href":"https:\/\/api.w.org\/{rel}","templated":true}]}}