{"id":3798,"date":"2022-11-09T08:23:09","date_gmt":"2022-11-09T08:23:09","guid":{"rendered":"http:\/\/www.madehok.com\/_lesTransversales\/?p=3798"},"modified":"2022-11-13T08:36:50","modified_gmt":"2022-11-13T08:36:50","slug":"francesca-poloniato-directrice-du-zef-scene-nationale-de-marseille-caroline-guichard-assistante-de-production-adjointe-a-la-programmation","status":"publish","type":"post","link":"http:\/\/www.madehok.com\/_lesTransversales\/?p=3798","title":{"rendered":"Francesca Poloniato, directrice du Zef, sc\u00e8ne nationale de Marseille, Caroline Guichard, assistante de production, adjointe \u00e0 la programmation"},"content":{"rendered":"\n<figure class=\"wp-block-image size-large\"><a href=\"http:\/\/www.madehok.com\/_lesTransversales\/wp-content\/uploads\/2022\/11\/IMG-9308-scaled.jpg\"><img loading=\"lazy\" decoding=\"async\" width=\"768\" height=\"1024\" src=\"http:\/\/www.madehok.com\/_lesTransversales\/wp-content\/uploads\/2022\/11\/IMG-9308-768x1024.jpg\" alt=\"\" class=\"wp-image-3799\" srcset=\"http:\/\/www.madehok.com\/_lesTransversales\/wp-content\/uploads\/2022\/11\/IMG-9308-768x1024.jpg 768w, http:\/\/www.madehok.com\/_lesTransversales\/wp-content\/uploads\/2022\/11\/IMG-9308-225x300.jpg 225w, http:\/\/www.madehok.com\/_lesTransversales\/wp-content\/uploads\/2022\/11\/IMG-9308-1152x1536.jpg 1152w, http:\/\/www.madehok.com\/_lesTransversales\/wp-content\/uploads\/2022\/11\/IMG-9308-1536x2048.jpg 1536w, http:\/\/www.madehok.com\/_lesTransversales\/wp-content\/uploads\/2022\/11\/IMG-9308-scaled.jpg 1920w\" sizes=\"(max-width: 768px) 100vw, 768px\" \/><\/a><\/figure>\n\n\n\n<figure class=\"wp-block-audio\"><audio controls src=\"http:\/\/www.madehok.com\/_lesTransversales\/wp-content\/uploads\/2022\/11\/Transversales_FPCGuichard_1.mp3.mp3\"><\/audio><\/figure>\n\n\n\n<figure class=\"wp-block-audio\"><audio controls src=\"http:\/\/www.madehok.com\/_lesTransversales\/wp-content\/uploads\/2022\/11\/Transversales_FPCGuichard_2.mp3.mp3\"><\/audio><\/figure>\n\n\n\n<figure class=\"wp-block-audio\"><audio controls src=\"http:\/\/www.madehok.com\/_lesTransversales\/wp-content\/uploads\/2022\/11\/Transversales_FPCGuichard_3.mp3.mp3\"><\/audio><\/figure>\n\n\n<p>O\u00f9, il est question du Zef, de ses artistes associ\u00e9s, de la programmation de cette nouvelle saison.<\/p>\n<p>Le Zef , un&nbsp; th\u00e9\u00e2tre que Francesca Poloniato dirige depuis 2015, le Zef&nbsp; ne s\u2019appelait pas encore le Zef.<\/p>\n<p>En 2019&nbsp; Le th\u00e9\u00e2tre du Merlan et la Gare Franche sont r\u00e9unis&nbsp; sous une seule appellation, celle qui s\u2019est impos\u00e9e aujourd\u2019hui, un mot qui claque,&nbsp; comme un coup de vent, un lieu de r\u00e9sidence associ\u00e9 \u00e0 un lieu de diffusion. Le Zef depuis a conquis&nbsp; ses lettres de noblesse, et s\u2019est impos\u00e9 comme une sc\u00e8ne nationale incontournable \u00e0 Marseille<\/p>\n<p><i>Et, sont l\u00e0 aujourd\u2019hui, les artistes associ\u00e9s: Michel Schweizer, Emmanuel Perrodin, Marie Lelardoux, Lo\u00efc Gu\u00e9nin,Linda Blanchet, Jean-Baptiste Andr\u00e9, S\u00e9bastien Ly, Pierre Rigal, Joanne Leighton, MarionPellissier.<\/i><\/p>\n<p>extraits sonores:<\/p>\n<p>Teaser <a href=\"https:\/\/www.youtube.com\/watch?v=DYE1RBjsuoY\"><span data-rich-links=\"{&quot;fple-t&quot;:&quot;[TEASER] LE ZEF - Saison 22\/23&quot;,&quot;fple-u&quot;:&quot;https:\/\/www.youtube.com\/watch?v=DYE1RBjsuoY&quot;,&quot;fple-mt&quot;:null,&quot;type&quot;:&quot;first-party-link&quot;}\">[TEASER] LE ZEF &#8211; Saison 22\/23<\/span><\/a> R\u00e9alisation : Margaux Vendassi&nbsp; 3\u201906<\/p>\n<p><b>B\u00f4PEUPL &#8211; <\/b><b>Michel Schweizer<\/b> \/ Cie La Coma &nbsp; <b>17 <\/b><b>et 18 novembre 20h30 <\/b>Plateau du Zef 1\u201920<\/p>\n<p><a href=\"https:\/\/www.youtube.com\/watch?v=4_-7kpQcxGY\"><b>https:\/\/www.youtube.com\/watch?v=4_-7kpQcxGY<\/b><\/a><b> <\/b><\/p>\n<p><a href=\"https:\/\/www.youtube.com\/watch?v=rwsC6xshFjA\"><b> PEOLE UNITED &#8211; Mise en scene par Joanne Leighton&nbsp;&nbsp;&nbsp; jeudi 30 et vendredi 31 mars https:\/\/www.youtube.com\/watch?v=rwsC6xshFjA<\/b><\/a> &nbsp;<\/p>\n<p>Emmanuel Perrodin et Noemi Boutin <b> La Rose des vents &#8211; Jeudi 4 et vendredi 5 Mai \u00e0 20h30<\/b><\/p>\n<p><a href=\"https:\/\/www.youtube.com\/user\/espaceMalraux\"><b>Malraux Chamb\u00e9ry<\/b><\/a><b> &nbsp; &nbsp; &nbsp; https:\/\/www.youtube.com\/watch?v=hcZeE8rpjMs<\/b><\/p>\n<p>le Zef fait partie de Association des scne nationales&nbsp; qui fetent leur 30 ans cettez ann\u00e9e&nbsp;<\/p>\n<p><b>&nbsp;<\/b>\u00ab\u00a0La conjugaison de deux \u00e9quipements au nord de Marseille aux espaces multiples (un grand plateau, un studio, une salle de cin\u00e9ma, une usine r\u00e9habilit\u00e9e, une maison du XVII\u00e8me, une cuisine, des jardins, etc.) forme une sc\u00e8ne nationale ancr\u00e9e et rayonnante, souple et inventive. Le ZEF est associ\u00e9 \u00e0 une Bande d\u2019artistes aux gestes \u00e9clectiques : metteur.e en sc\u00e8ne, chor\u00e9graphe, chef cuisinier, plasticienne et photographe, tou.te.s impliqu\u00e9.e.s dans la relation aux habitants. La sc\u00e8ne nationale offre des modalit\u00e9s multiples d\u2019intervention L\u2019action culturelle, au c\u0153ur de son projet, s\u2019inscrit dans une d\u00e9marche artistique et au long cours. Les espaces de cr\u00e9ation et de r\u00e9sidences, donnent acc\u00e8s \u00e0 un laboratoire hors circuit ou \u00e0 la production \u00ab bien \u00e9clair\u00e9e \u00bb. La programmation pluridisciplinaire est ax\u00e9e autour du corps et du mouvement, ouverte \u00e0 tous. LE ZEF est un lieu de vie, un lieu ouvert et singulier, hospitalier, c\u2019est tout un environnement qui tend \u00e0 \u00eatre respectueux, attentif \u00e0 la diversit\u00e9, \u00e0 la biodiversit\u00e9 et au patrimoine vivant qui l\u2019entourent\u2026..<\/p>\n<p>\u00ab\u00a0Une Sc\u00e8ne nationale n\u2019est ni une chapelle , ni un il\u00f4t. C\u2019est un havre o\u00f9 les po\u00e8tes nous invitent \u00e0 la f\u00eate et un phare qui porte au loin les lumi\u00e8res du monde\u00a0\u00bb Francesca Poloniato 2016<\/p>\n<p><b>&nbsp; <br><\/b><\/p>\n<p><\/p>","protected":false},"excerpt":{"rendered":"<p>O\u00f9, il est question du Zef, de ses artistes associ\u00e9s, de la programmation de cette nouvelle saison. Le Zef , un&nbsp; th\u00e9\u00e2tre que Francesca Poloniato dirige depuis 2015, le Zef&nbsp; ne s\u2019appelait pas encore le Zef. En 2019&nbsp; Le th\u00e9\u00e2tre du Merlan et la Gare Franche sont r\u00e9unis&nbsp; sous une seule appellation, celle qui s\u2019est [&hellip;]<\/p>\n","protected":false},"author":1,"featured_media":0,"comment_status":"open","ping_status":"open","sticky":false,"template":"","format":"standard","meta":{"footnotes":""},"categories":[1],"tags":[],"_links":{"self":[{"href":"http:\/\/www.madehok.com\/_lesTransversales\/index.php?rest_route=\/wp\/v2\/posts\/3798"}],"collection":[{"href":"http:\/\/www.madehok.com\/_lesTransversales\/index.php?rest_route=\/wp\/v2\/posts"}],"about":[{"href":"http:\/\/www.madehok.com\/_lesTransversales\/index.php?rest_route=\/wp\/v2\/types\/post"}],"author":[{"embeddable":true,"href":"http:\/\/www.madehok.com\/_lesTransversales\/index.php?rest_route=\/wp\/v2\/users\/1"}],"replies":[{"embeddable":true,"href":"http:\/\/www.madehok.com\/_lesTransversales\/index.php?rest_route=%2Fwp%2Fv2%2Fcomments&post=3798"}],"version-history":[{"count":9,"href":"http:\/\/www.madehok.com\/_lesTransversales\/index.php?rest_route=\/wp\/v2\/posts\/3798\/revisions"}],"predecessor-version":[{"id":3812,"href":"http:\/\/www.madehok.com\/_lesTransversales\/index.php?rest_route=\/wp\/v2\/posts\/3798\/revisions\/3812"}],"wp:attachment":[{"href":"http:\/\/www.madehok.com\/_lesTransversales\/index.php?rest_route=%2Fwp%2Fv2%2Fmedia&parent=3798"}],"wp:term":[{"taxonomy":"category","embeddable":true,"href":"http:\/\/www.madehok.com\/_lesTransversales\/index.php?rest_route=%2Fwp%2Fv2%2Fcategories&post=3798"},{"taxonomy":"post_tag","embeddable":true,"href":"http:\/\/www.madehok.com\/_lesTransversales\/index.php?rest_route=%2Fwp%2Fv2%2Ftags&post=3798"}],"curies":[{"name":"wp","href":"https:\/\/api.w.org\/{rel}","templated":true}]}}