{"id":3842,"date":"2022-12-19T18:45:48","date_gmt":"2022-12-19T18:45:48","guid":{"rendered":"http:\/\/www.madehok.com\/_lesTransversales\/?p=3842"},"modified":"2022-12-21T08:52:10","modified_gmt":"2022-12-21T08:52:10","slug":"catherine-dureuil-bourachau-marion-charlet","status":"publish","type":"post","link":"http:\/\/www.madehok.com\/_lesTransversales\/?p=3842","title":{"rendered":"Catherine Dureuil Bourachau, Marion Charlet"},"content":{"rendered":"<p>Rediffusion de l&rsquo;\u00e9mission&nbsp; enregistr\u00e9e le 1er mars 2022<\/p>\n\n\n<figure class=\"wp-block-image size-large\"><a href=\"http:\/\/www.madehok.com\/_lesTransversales\/wp-content\/uploads\/2022\/03\/IMG-8372-scaled.jpg\"><img loading=\"lazy\" decoding=\"async\" width=\"768\" height=\"1024\" src=\"http:\/\/www.madehok.com\/_lesTransversales\/wp-content\/uploads\/2022\/03\/IMG-8372-768x1024.jpg\" alt=\"\" class=\"wp-image-3596\" srcset=\"http:\/\/www.madehok.com\/_lesTransversales\/wp-content\/uploads\/2022\/03\/IMG-8372-768x1024.jpg 768w, http:\/\/www.madehok.com\/_lesTransversales\/wp-content\/uploads\/2022\/03\/IMG-8372-225x300.jpg 225w, http:\/\/www.madehok.com\/_lesTransversales\/wp-content\/uploads\/2022\/03\/IMG-8372-1152x1536.jpg 1152w, http:\/\/www.madehok.com\/_lesTransversales\/wp-content\/uploads\/2022\/03\/IMG-8372-1536x2048.jpg 1536w, http:\/\/www.madehok.com\/_lesTransversales\/wp-content\/uploads\/2022\/03\/IMG-8372-scaled.jpg 1920w\" sizes=\"(max-width: 768px) 100vw, 768px\" \/><\/a><\/figure>\n\n\n\n<figure class=\"wp-block-audio\"><audio controls src=\"http:\/\/www.madehok.com\/_lesTransversales\/wp-content\/uploads\/2022\/03\/Transversales_MCharletCDureuil_1.mp3.mp3\"><\/audio><\/figure>\n\n\n\n<figure class=\"wp-block-audio\"><audio controls src=\"http:\/\/www.madehok.com\/_lesTransversales\/wp-content\/uploads\/2022\/03\/Transversales_MCharletCDureuil_2.Mp3.mp3\"><\/audio><\/figure>\n\n\n\n<figure class=\"wp-block-audio\"><audio controls src=\"http:\/\/www.madehok.com\/_lesTransversales\/wp-content\/uploads\/2022\/03\/Transversales_MCharletCDureuil_3.mp3.mp3\"><\/audio><\/figure>\n\n\n<p>Catherine Dureuil&nbsp; est arch\u00e9ologue, conseill\u00e8re culturelle en charge de la valorisation du patrimoine,&nbsp; membre de l&rsquo;acad\u00e9mie de&nbsp; Marseille<\/p>\n<p>Marion Charlet est \u00e9ditrice. les \u00e9ditions Marion Charlet sont install\u00e9es en Avignon.<\/p>\n<p>A propos de l&rsquo;ouvrage \u00ab\u00a0Marseille et sa Major,&nbsp; m\u00e9tamorphoses d&rsquo;une cath\u00e9drale\u00a0\u00bb publi\u00e9 aux \u00e9ditions Marion Charlet&nbsp; dans la tr\u00e8s belle collection \u00a0\u00bb Lignes de Mire\u00a0\u00bb,sous la direction de Jean Guyon.<\/p>\n\n<p>\u201cSuivre l\u2019\u00e9volution de la cath\u00e9drale de Marseille en 5 \u00e9tapes, c\u2019est le d\u00e9fi que se sont lanc\u00e9 8 arch\u00e9ologues et historiens aid\u00e9s en cela par les\u00a0 dessins \u00e0 l&rsquo;aquarelle de Jean Claude Golvin, sous la direction de Jean Guyon arch\u00e9ologue et historien,\u00a0 directeur de recherche \u00e9m\u00e9rite auCNRS,\u00a0 sp\u00e9cialiste de l\u2019histoire urbaine et de l\u2019arch\u00e9ologie de l\u2019<a href=\"https:\/\/fr.wikipedia.org\/wiki\/Antiquit%C3%A9_tardive\">Antiquit\u00e9 tardive<\/a>, membre de l\u2019acad\u00e9mie de Marseille\u00a0\u00bb<\/p>\n<p>Dans ce livre, Catherine Dureuil\u00a0 signe la sixi\u00e8me partie :<\/p>\n<p>M\u00e9moire Collective, pr\u00e9c\u00e9d\u00e9e de cette citation emprunt\u00e9e \u00e0 Gustave Flaubert:<\/p>\n<p><i>\u00a0\u201cUne \u00e2me se\u00a0 mesure \u00e0 la dimension de son d\u00e9sir, comme l\u2019on juge d&rsquo;avance les cath\u00e9drales \u00e0 la hauteur de leurs clochers\u201d\u00a0 21 mai 1853 , lettre \u00e0 Louise Colet \u2026. <\/i><\/p>\n<p>\u201cUn chapitre\u00a0 qui donne \u00e0 d\u00e9couvrir non pas la Major mais Les Majors dans la vie quotidienne des marseillais, 16 si\u00e8cles de la vie de ces 3 \u00e9difices, l\u2019\u00e9glise antique, la Vieille major et la Major, empreinte ind\u00e9l\u00e9bile, t\u00e9moignage \u00e9mouvant de la vie\u00a0 des marseillais aux diff\u00e9rentes \u00e9poques\u201d.<\/p>\n<p>Un retour vers le pass\u00e9,\u00a0 1600 ans\u00a0 d\u2019une histoire embl\u00e9matique de Marseille.<\/p>\n<p>La collection Ligne de Mire des \u00e9ditions Marion Charlet s\u2019int\u00e9resse \u00e0 l&rsquo;arch\u00e9ologie, l&rsquo;histoire, le patrimoine la photographie et les arts.<\/p>\n<p>Marion Charlet\u00a0 est\u00a0 arch\u00e9ologue m\u00e9di\u00e9viste,\u00a0 e<b>n 2019,<\/b> elle se lance et cr\u00e9e sa propre maison d&rsquo;\u00e9dition.<\/p>\n<p>\u00ab\u00a0<em>Ex-arch\u00e9ologue, j\u2019ai cr\u00e9\u00e9 ma maison d\u2019\u00e9ditions en 2019, avec le souhait de publier des livres qui s\u2019adressent \u00e0 un large public d\u2019amateurs et de non sp\u00e9cialistes. Nos auteurs-sp\u00e9cialistes sont parfois oblig\u00e9s de revoir leurs copies pour \u00eatre compr\u00e9hensibles de tous, et la pr\u00e9sence d\u2019un glossaire nous permet de ne pas affadir le texte. Bref, nous cherchons le juste \u00e9quilibre entre lecture agr\u00e9able et pertinence du contenu\u00a0\u00bb<\/em><\/p>\n<p><i>Les \u00c9ditions Marion Charlet<\/i><\/p>\n<p><i>5, rue de l&rsquo;Amelier<\/i><\/p>\n<p><i>84000 Avignon\u00a0 06 77 06 63 97<br \/><\/i><\/p>\n<p>Les choix musicaux de mes invit\u00e9es:<\/p>\n<p><b>\u00a0\u00ab\u00a0Notre Dame\u00a0\u00bb des Frangines<br \/><\/b><\/p>\n<p><a href=\"https:\/\/www.youtube.com\/watch?v=KNJYBOj7Cfc\"><span data-rich-links=\"{&quot;fple-t&quot;:&quot;Muse - Blackout [Live From Wembley Stadium]&quot;,&quot;fple-u&quot;:&quot;https:\/\/www.youtube.com\/watch?v=KNJYBOj7Cfc&quot;,&quot;fple-mt&quot;:null,&quot;type&quot;:&quot;first-party-link&quot;}\">Muse &#8211; Blackout [Live From Wembley Stadium]<\/span><\/a><\/p>\n<p class=\"moz-quote-pre\">Photograph ed Sheeran<\/p>","protected":false},"excerpt":{"rendered":"<p>Rediffusion de l&rsquo;\u00e9mission&nbsp; enregistr\u00e9e le 1er mars 2022 Catherine Dureuil&nbsp; est arch\u00e9ologue, conseill\u00e8re culturelle en charge de la valorisation du patrimoine,&nbsp; membre de l&rsquo;acad\u00e9mie de&nbsp; Marseille Marion Charlet est \u00e9ditrice. les \u00e9ditions Marion Charlet sont install\u00e9es en Avignon. A propos de l&rsquo;ouvrage \u00ab\u00a0Marseille et sa Major,&nbsp; m\u00e9tamorphoses d&rsquo;une cath\u00e9drale\u00a0\u00bb publi\u00e9 aux \u00e9ditions Marion Charlet&nbsp; dans [&hellip;]<\/p>\n","protected":false},"author":1,"featured_media":0,"comment_status":"open","ping_status":"open","sticky":false,"template":"","format":"standard","meta":{"footnotes":""},"categories":[1],"tags":[],"_links":{"self":[{"href":"http:\/\/www.madehok.com\/_lesTransversales\/index.php?rest_route=\/wp\/v2\/posts\/3842"}],"collection":[{"href":"http:\/\/www.madehok.com\/_lesTransversales\/index.php?rest_route=\/wp\/v2\/posts"}],"about":[{"href":"http:\/\/www.madehok.com\/_lesTransversales\/index.php?rest_route=\/wp\/v2\/types\/post"}],"author":[{"embeddable":true,"href":"http:\/\/www.madehok.com\/_lesTransversales\/index.php?rest_route=\/wp\/v2\/users\/1"}],"replies":[{"embeddable":true,"href":"http:\/\/www.madehok.com\/_lesTransversales\/index.php?rest_route=%2Fwp%2Fv2%2Fcomments&post=3842"}],"version-history":[{"count":7,"href":"http:\/\/www.madehok.com\/_lesTransversales\/index.php?rest_route=\/wp\/v2\/posts\/3842\/revisions"}],"predecessor-version":[{"id":3853,"href":"http:\/\/www.madehok.com\/_lesTransversales\/index.php?rest_route=\/wp\/v2\/posts\/3842\/revisions\/3853"}],"wp:attachment":[{"href":"http:\/\/www.madehok.com\/_lesTransversales\/index.php?rest_route=%2Fwp%2Fv2%2Fmedia&parent=3842"}],"wp:term":[{"taxonomy":"category","embeddable":true,"href":"http:\/\/www.madehok.com\/_lesTransversales\/index.php?rest_route=%2Fwp%2Fv2%2Fcategories&post=3842"},{"taxonomy":"post_tag","embeddable":true,"href":"http:\/\/www.madehok.com\/_lesTransversales\/index.php?rest_route=%2Fwp%2Fv2%2Ftags&post=3842"}],"curies":[{"name":"wp","href":"https:\/\/api.w.org\/{rel}","templated":true}]}}