{"id":3854,"date":"2023-01-24T21:30:30","date_gmt":"2023-01-24T21:30:30","guid":{"rendered":"http:\/\/www.madehok.com\/_lesTransversales\/?p=3854"},"modified":"2023-01-28T18:09:26","modified_gmt":"2023-01-28T18:09:26","slug":"raquel-rache-de-andrade-co-fondatrice-avec-guy-carrara-de-la-biac-biennale-internationale-des-arts-du-cirque-5eme-edition-cette-annee","status":"publish","type":"post","link":"http:\/\/www.madehok.com\/_lesTransversales\/?p=3854","title":{"rendered":"Raquel Rache de Andrade co fondatrice avec Guy Carrara de la Biac Biennale Internationale des Arts du Cirque, 5eme \u00e9dition cette ann\u00e9e."},"content":{"rendered":"\n<figure class=\"wp-block-image size-full\"><a href=\"http:\/\/www.madehok.com\/_lesTransversales\/wp-content\/uploads\/2023\/01\/affiche_archaos_crr_op_05.jpg\"><img loading=\"lazy\" decoding=\"async\" width=\"552\" height=\"552\" src=\"http:\/\/www.madehok.com\/_lesTransversales\/wp-content\/uploads\/2023\/01\/affiche_archaos_crr_op_05-edited-1.jpg\" alt=\"\" class=\"wp-image-3867\" srcset=\"http:\/\/www.madehok.com\/_lesTransversales\/wp-content\/uploads\/2023\/01\/affiche_archaos_crr_op_05-edited-1.jpg 552w, http:\/\/www.madehok.com\/_lesTransversales\/wp-content\/uploads\/2023\/01\/affiche_archaos_crr_op_05-edited-1-300x300.jpg 300w, http:\/\/www.madehok.com\/_lesTransversales\/wp-content\/uploads\/2023\/01\/affiche_archaos_crr_op_05-edited-1-150x150.jpg 150w\" sizes=\"(max-width: 552px) 100vw, 552px\" \/><\/a><\/figure>\n\n\n\n<figure class=\"wp-block-audio\"><audio controls src=\"http:\/\/www.madehok.com\/_lesTransversales\/wp-content\/uploads\/2023\/01\/Transversales_RRDABiac_1-1.mp3-1.mp3\"><\/audio><\/figure>\n\n\n\n<figure class=\"wp-block-audio\"><audio controls src=\"http:\/\/www.madehok.com\/_lesTransversales\/wp-content\/uploads\/2023\/01\/Transversales_RRDAndrade_2.mp3.mp3\"><\/audio><\/figure>\n\n\n\n<figure class=\"wp-block-audio\"><audio controls src=\"http:\/\/www.madehok.com\/_lesTransversales\/wp-content\/uploads\/2023\/01\/Transversales_RRDABiac_3-3.mp3-3.mp3\"><\/audio><\/figure>\n\n\n<p>O\u00f9 il est question de la Biac 2023 Biennale Internationale des Arts du Cirque Contemporain,\u00a0 5eme \u00e9dition cette ann\u00e9e, une f\u00eate de tous les arts, une \u00e9dition qui bat son plein en ce moment.<\/p>\n<p>Depuis le 12 janvier jusqu&rsquo;au 12 f\u00e9vrier 2023<\/p>\n<p>O\u00f9 il est question de danse, de musique, de cirque, du corps comme exercice physique de la pens\u00e9e, o\u00f9 il est\u00a0 question du Cirque sous chapiteaux mais pas seulement, d\u2019artistes magnifiques, circassiens, ils sont aussi po\u00e8tes, danseurs, voltigeurs, \u00e9quilibristes aux multiples talents.<\/p>\n<p>Une \u00e9dition internationale, riche en \u00e9v\u00e9nements,\u00a0 voil\u00e0 ce qu&rsquo;ils nous en disent :<\/p>\n<p><i>\u201cNous affirmons que l\u2019art est essentiel, que la vie culturelle est fondamentale. Les hommes des cavernes nous ont laiss\u00e9 les traces picturales de l\u2019indispensable n\u00e9cessit\u00e9 d\u2019expression de l\u2019humanit\u00e9 ; d\u00e9j\u00e0, ils montaient sur les \u00e9paules des uns et des autres pour tenter de d\u00e9crocher la lune\u2026<\/i><\/p>\n<p><i> Le cirque \u00e9tait n\u00e9, essentiel pour toujours !\u00a0\u00bb<\/i><\/p>\n<p>Un texte sign\u00e9 par Raquel Rache de Andrade et Guy Carrara,\u00a0 co fondateurs de la Biac<\/p>\n<p>O\u00f9 il est question\u00a0 du village Chapiteaux,\u00a0 d\u2019Archaos, de leur ouvrage, \u00ab\u00a0Ecrire le Cirque\u201d un r\u00e9cit \u00e0 deux voix pour nous raconter \u00ab\u00a0l&rsquo;aventure d&rsquo;Archaos et la m\u00e9thode Ancar, contraction de leurs deux noms, pr\u00e9fac\u00e9 par Macha Make\u00efeff.<\/p>\n<p>Le cirque comme art total, \u201cLe cirque est l\u2019art de tous les possibles et possible dans tous les lieux !\u00a0\u00bb<\/p>\n<p>Pour cet entretien, Raquel Rache de Andrade me re\u00e7oit au sein m\u00eame d&rsquo; Archaos, l\u00e0 ou tout se passe,\u00a0 tout se pense, tout se danse,\u00a0 s&rsquo;\u00e9crit, au c\u0153ur des quartiers nord de Marseille, un lieu qui leur ressemble, fait d&rsquo;humanit\u00e9 et de m\u00e9tissage.<\/p>\n<p>Archaos labellis\u00e9 P\u00f4le National Cirque.en 2012, install\u00e9 22 Boulevard de la M\u00e9diterran\u00e9e, 13015 Marseille<\/p>\n<p>73 spectacles, 240 repr\u00e9sentations, 49 lieux partenaires, 5 expositions, des documentaires, des sorties de r\u00e9sidence, des rencontres professionnelles&#8230; Un mois de cirque en R\u00e9gion ! dans de nombreux\u00a0 lieux partenaires, la Cri\u00e9e , le Klap, le Zef \u00e0 Marseille , mais aussi \u00e0 Cavaillon, Martigues, Miramas,\u00a0 Toulon, enfin de Marseille \u00e0 Gap en passant par Antibes et\u00a0 Nice,\u00a0<\/p>\n<p><b>Et puis biensur\u00a0 <\/b><b>Le Village Chapiteaux:\u00a0 4 chapiteaux c\u0153ur battant de la Biennale, dans un cadre grandiose face \u00e0 la mer <\/b><\/p>\n<p><iframe loading=\"lazy\" title=\"BIAC 2023, le teaser\" width=\"500\" height=\"281\" src=\"https:\/\/www.youtube.com\/embed\/UNsjpbJdPf0?feature=oembed\" frameborder=\"0\" allow=\"accelerometer; autoplay; clipboard-write; encrypted-media; gyroscope; picture-in-picture; web-share\" allowfullscreen><\/iframe><\/p>\n<p>https:\/\/www.youtube.com\/results?search_query=fractales+biac<\/p>\n<p><iframe loading=\"lazy\" title=\"I Love You Two - Circus I love you \/ BIAC 2023 (Village Chapiteaux, Marseille)\" width=\"500\" height=\"281\" src=\"https:\/\/www.youtube.com\/embed\/_Gf9Tr5QoTY?feature=oembed\" frameborder=\"0\" allow=\"accelerometer; autoplay; clipboard-write; encrypted-media; gyroscope; picture-in-picture; web-share\" allowfullscreen><\/iframe><\/p>","protected":false},"excerpt":{"rendered":"<p>O\u00f9 il est question de la Biac 2023 Biennale Internationale des Arts du Cirque Contemporain,\u00a0 5eme \u00e9dition cette ann\u00e9e, une f\u00eate de tous les arts, une \u00e9dition qui bat son plein en ce moment. Depuis le 12 janvier jusqu&rsquo;au 12 f\u00e9vrier 2023 O\u00f9 il est question de danse, de musique, de cirque, du corps comme [&hellip;]<\/p>\n","protected":false},"author":1,"featured_media":0,"comment_status":"open","ping_status":"open","sticky":false,"template":"","format":"standard","meta":{"footnotes":""},"categories":[1],"tags":[],"_links":{"self":[{"href":"http:\/\/www.madehok.com\/_lesTransversales\/index.php?rest_route=\/wp\/v2\/posts\/3854"}],"collection":[{"href":"http:\/\/www.madehok.com\/_lesTransversales\/index.php?rest_route=\/wp\/v2\/posts"}],"about":[{"href":"http:\/\/www.madehok.com\/_lesTransversales\/index.php?rest_route=\/wp\/v2\/types\/post"}],"author":[{"embeddable":true,"href":"http:\/\/www.madehok.com\/_lesTransversales\/index.php?rest_route=\/wp\/v2\/users\/1"}],"replies":[{"embeddable":true,"href":"http:\/\/www.madehok.com\/_lesTransversales\/index.php?rest_route=%2Fwp%2Fv2%2Fcomments&post=3854"}],"version-history":[{"count":9,"href":"http:\/\/www.madehok.com\/_lesTransversales\/index.php?rest_route=\/wp\/v2\/posts\/3854\/revisions"}],"predecessor-version":[{"id":3877,"href":"http:\/\/www.madehok.com\/_lesTransversales\/index.php?rest_route=\/wp\/v2\/posts\/3854\/revisions\/3877"}],"wp:attachment":[{"href":"http:\/\/www.madehok.com\/_lesTransversales\/index.php?rest_route=%2Fwp%2Fv2%2Fmedia&parent=3854"}],"wp:term":[{"taxonomy":"category","embeddable":true,"href":"http:\/\/www.madehok.com\/_lesTransversales\/index.php?rest_route=%2Fwp%2Fv2%2Fcategories&post=3854"},{"taxonomy":"post_tag","embeddable":true,"href":"http:\/\/www.madehok.com\/_lesTransversales\/index.php?rest_route=%2Fwp%2Fv2%2Ftags&post=3854"}],"curies":[{"name":"wp","href":"https:\/\/api.w.org\/{rel}","templated":true}]}}