{"id":3959,"date":"2023-03-29T21:45:40","date_gmt":"2023-03-29T21:45:40","guid":{"rendered":"http:\/\/www.madehok.com\/_lesTransversales\/?p=3959"},"modified":"2023-05-04T07:52:28","modified_gmt":"2023-05-04T07:52:28","slug":"adeline-dumont-musee-regards-de-provence","status":"publish","type":"post","link":"http:\/\/www.madehok.com\/_lesTransversales\/?p=3959","title":{"rendered":"Adeline Dumont, mus\u00e9e Regards de Provence"},"content":{"rendered":"\n<figure class=\"wp-block-image size-full is-resized\"><a href=\"http:\/\/www.madehok.com\/_lesTransversales\/wp-content\/uploads\/2023\/05\/image.png\"><img loading=\"lazy\" decoding=\"async\" src=\"http:\/\/www.madehok.com\/_lesTransversales\/wp-content\/uploads\/2023\/05\/image.png\" alt=\"\" class=\"wp-image-3978\" width=\"432\" height=\"356\"\/><\/a><\/figure>\n\n\n\n<figure class=\"wp-block-audio\"><audio controls src=\"http:\/\/www.madehok.com\/_lesTransversales\/wp-content\/uploads\/2023\/03\/Transversales_ADumontVBioules_1.mp3.mp3\"><\/audio><\/figure>\n\n\n\n<figure class=\"wp-block-audio\"><audio controls src=\"http:\/\/www.madehok.com\/_lesTransversales\/wp-content\/uploads\/2023\/03\/Transversales_ADumontVBioules_2.mp3.mp3\"><\/audio><\/figure>\n\n\n\n<figure class=\"wp-block-audio\"><audio controls src=\"http:\/\/www.madehok.com\/_lesTransversales\/wp-content\/uploads\/2023\/03\/Transversales_AdumontVBioules_3.mp3.mp3\"><\/audio><\/figure>\n\n\n<p>O\u00f9 il est question de peintures, d&rsquo;aquarelles, de dessins, d&rsquo;un voyage \u00e0 Venise, de la m\u00e9diterran\u00e9e , de ses couleurs , de sa lumi\u00e8re.<\/p>\n<p>Deux expositions, deux artistes \u00e0 l&rsquo;honneur :\u00a0 \u00a0\u00bb Vincent Bioules : Au bord de l&rsquo;eau\u00a0\u00bb, c&rsquo;est le titre de l&rsquo;exposition phare que l&rsquo;on peut voir en ce moment au mus\u00e9e Regards de Provence, ainsi qu&rsquo;un \u00ab\u00a0Voyage \u00e0 Venise\u00a0\u00bb \u00e0 travers les aquarelles de Dani\u00e8le Ohnheiser, architecte paysagiste<\/p>\n<p>O\u00f9 il est question des 10 ans du mus\u00e9e mais aussi des 25 ans de la fondation Regards de Provence, une actualit\u00e9 tr\u00e8s riche en ce printemps 2023A \u00e9couter et a d\u00e9couvrir sur le site<\/p>\n<div class=\"TbwUpd NJjxre iUh30 ojE3Fb\">\n<div>\u00a0<\/div>\n<\/div>","protected":false},"excerpt":{"rendered":"<p>O\u00f9 il est question de peintures, d&rsquo;aquarelles, de dessins, d&rsquo;un voyage \u00e0 Venise, de la m\u00e9diterran\u00e9e , de ses couleurs , de sa lumi\u00e8re. Deux expositions, deux artistes \u00e0 l&rsquo;honneur :\u00a0 \u00a0\u00bb Vincent Bioules : Au bord de l&rsquo;eau\u00a0\u00bb, c&rsquo;est le titre de l&rsquo;exposition phare que l&rsquo;on peut voir en ce moment au mus\u00e9e Regards [&hellip;]<\/p>\n","protected":false},"author":1,"featured_media":0,"comment_status":"open","ping_status":"open","sticky":false,"template":"","format":"standard","meta":{"footnotes":""},"categories":[1],"tags":[],"_links":{"self":[{"href":"http:\/\/www.madehok.com\/_lesTransversales\/index.php?rest_route=\/wp\/v2\/posts\/3959"}],"collection":[{"href":"http:\/\/www.madehok.com\/_lesTransversales\/index.php?rest_route=\/wp\/v2\/posts"}],"about":[{"href":"http:\/\/www.madehok.com\/_lesTransversales\/index.php?rest_route=\/wp\/v2\/types\/post"}],"author":[{"embeddable":true,"href":"http:\/\/www.madehok.com\/_lesTransversales\/index.php?rest_route=\/wp\/v2\/users\/1"}],"replies":[{"embeddable":true,"href":"http:\/\/www.madehok.com\/_lesTransversales\/index.php?rest_route=%2Fwp%2Fv2%2Fcomments&post=3959"}],"version-history":[{"count":10,"href":"http:\/\/www.madehok.com\/_lesTransversales\/index.php?rest_route=\/wp\/v2\/posts\/3959\/revisions"}],"predecessor-version":[{"id":3988,"href":"http:\/\/www.madehok.com\/_lesTransversales\/index.php?rest_route=\/wp\/v2\/posts\/3959\/revisions\/3988"}],"wp:attachment":[{"href":"http:\/\/www.madehok.com\/_lesTransversales\/index.php?rest_route=%2Fwp%2Fv2%2Fmedia&parent=3959"}],"wp:term":[{"taxonomy":"category","embeddable":true,"href":"http:\/\/www.madehok.com\/_lesTransversales\/index.php?rest_route=%2Fwp%2Fv2%2Fcategories&post=3959"},{"taxonomy":"post_tag","embeddable":true,"href":"http:\/\/www.madehok.com\/_lesTransversales\/index.php?rest_route=%2Fwp%2Fv2%2Ftags&post=3959"}],"curies":[{"name":"wp","href":"https:\/\/api.w.org\/{rel}","templated":true}]}}