{"id":4083,"date":"2023-10-25T15:00:15","date_gmt":"2023-10-25T15:00:15","guid":{"rendered":"http:\/\/www.madehok.com\/_lesTransversales\/?p=4083"},"modified":"2023-10-25T15:00:15","modified_gmt":"2023-10-25T15:00:15","slug":"odile-lecour-missbella-and-family","status":"publish","type":"post","link":"http:\/\/www.madehok.com\/_lesTransversales\/?p=4083","title":{"rendered":"Odile Lecour, MissBella and family,"},"content":{"rendered":"\n<p>                               \u00e0 propos de la 19eme \u00e9dition du Festival de Vives Voix<\/p>\n\n\n\n<figure class=\"wp-block-image size-full is-resized\"><a href=\"http:\/\/www.madehok.com\/_lesTransversales\/wp-content\/uploads\/2023\/10\/telechargement-2.jpg\"><img loading=\"lazy\" decoding=\"async\" src=\"http:\/\/www.madehok.com\/_lesTransversales\/wp-content\/uploads\/2023\/10\/telechargement-2.jpg\" alt=\"\" class=\"wp-image-4090\" width=\"436\" height=\"247\"\/><\/a><\/figure>\n\n\n\n<p><\/p>\n\n\n\n<figure class=\"wp-block-audio\"><audio controls src=\"http:\/\/www.madehok.com\/_lesTransversales\/wp-content\/uploads\/2023\/10\/Transversales_OlecourMissBella_1.mp3.mp3\"><\/audio><\/figure>\n\n\n\n<figure class=\"wp-block-audio\"><audio controls src=\"http:\/\/www.madehok.com\/_lesTransversales\/wp-content\/uploads\/2023\/10\/Transversales_OlecourMissBella_2-1.mp3-1.mp3\"><\/audio><\/figure>\n\n\n\n<p>Odile Lecour directrice artistique de la maison du chant, d\u00e9sormais accompagn\u00e9 de son complice Maxime Vagner , directeur de Prodig&rsquo;art\u00a0\u00bb<\/p>\n\n\n\n<p><em>\u201cComme un envol vers nos 20 ans, un souffle nouveau, une partition \u00e9crite \u00e0 quatre oreilles, quatre mains en toute complicit\u00e9 par Les Voies du Chant et prodig\u2019Art.<\/em><\/p>\n\n\n\n<p>\u00ab\u00a0<em>De Vives Voix, le festival de la voix, de toutes les voix, celles qui chantent, crient, narrent, charment,nous bercent et nous exaltent, celles qui apaisent et r\u00e9veillent.<\/em><\/p>\n\n\n\n<p><em>Une \u00e9dition automnale qui nous prom\u00e8ne dans diff\u00e9rents lieux, l\u00e0 o\u00f9 la voix est magnifi\u00e9e, au Comptoir ou dans l\u2019auditorium de la Maison du Chant, en passant par la Cit\u00e9 de la Musique, le Conservatoire Pierre Barbizet, leCri du Port et l\u2019\u00e9glise Saint-Pierre et St-Paul.<\/em>\u00a0\u00bb <\/p>\n\n\n\n<p>Edito sign\u00e9: Odile Lecour<\/p>\n\n\n\n<p> Dans le cadre du festival, Vendredi 3 novembre \u00e0 20h30, Miss Bella and Family sera sur la sc\u00e8ne de l&rsquo;auditorium de la Maison du Chant<\/p>\n\n\n\n<p>Elle est chanteuse,&nbsp; accord\u00e9oniste, guitariste,  compositrice&nbsp;<\/p>\n\n\n\n<p>L\u2019occasion pour elle de nous pr\u00e9senter ses  deux derniers albums&nbsp;<\/p>\n\n\n\n<p>:\u00a0\u00bb<strong>Eternel Retour\u00a0\u00bb, sorti en Mars 2023,<\/strong><\/p>\n\n\n\n<p><strong>&nbsp;et \u00ab\u00a0Confins du Temps\u00a0\u00bb, sorti en Janvier 2021. produit du confinement<\/strong><\/p>\n\n\n\n<p>\u201cHommage aux femmes, au Sud, \u00e0 la libert\u00e9, \u00e0 la M\u00e9diterran\u00e9e. <\/p>\n\n\n\n<p>Maison du Chant: 49 rue chape 13004<\/p>\n","protected":false},"excerpt":{"rendered":"<p>\u00e0 propos de la 19eme \u00e9dition du Festival de Vives Voix Odile Lecour directrice artistique de la maison du chant, d\u00e9sormais accompagn\u00e9 de son complice Maxime Vagner , directeur de Prodig&rsquo;art\u00a0\u00bb \u201cComme un envol vers nos 20 ans, un souffle nouveau, une partition \u00e9crite \u00e0 quatre oreilles, quatre mains en toute complicit\u00e9 par Les Voies [&hellip;]<\/p>\n","protected":false},"author":1,"featured_media":0,"comment_status":"open","ping_status":"open","sticky":false,"template":"","format":"standard","meta":{"footnotes":""},"categories":[1],"tags":[],"_links":{"self":[{"href":"http:\/\/www.madehok.com\/_lesTransversales\/index.php?rest_route=\/wp\/v2\/posts\/4083"}],"collection":[{"href":"http:\/\/www.madehok.com\/_lesTransversales\/index.php?rest_route=\/wp\/v2\/posts"}],"about":[{"href":"http:\/\/www.madehok.com\/_lesTransversales\/index.php?rest_route=\/wp\/v2\/types\/post"}],"author":[{"embeddable":true,"href":"http:\/\/www.madehok.com\/_lesTransversales\/index.php?rest_route=\/wp\/v2\/users\/1"}],"replies":[{"embeddable":true,"href":"http:\/\/www.madehok.com\/_lesTransversales\/index.php?rest_route=%2Fwp%2Fv2%2Fcomments&post=4083"}],"version-history":[{"count":4,"href":"http:\/\/www.madehok.com\/_lesTransversales\/index.php?rest_route=\/wp\/v2\/posts\/4083\/revisions"}],"predecessor-version":[{"id":4094,"href":"http:\/\/www.madehok.com\/_lesTransversales\/index.php?rest_route=\/wp\/v2\/posts\/4083\/revisions\/4094"}],"wp:attachment":[{"href":"http:\/\/www.madehok.com\/_lesTransversales\/index.php?rest_route=%2Fwp%2Fv2%2Fmedia&parent=4083"}],"wp:term":[{"taxonomy":"category","embeddable":true,"href":"http:\/\/www.madehok.com\/_lesTransversales\/index.php?rest_route=%2Fwp%2Fv2%2Fcategories&post=4083"},{"taxonomy":"post_tag","embeddable":true,"href":"http:\/\/www.madehok.com\/_lesTransversales\/index.php?rest_route=%2Fwp%2Fv2%2Ftags&post=4083"}],"curies":[{"name":"wp","href":"https:\/\/api.w.org\/{rel}","templated":true}]}}