{"id":4124,"date":"2023-12-27T18:53:37","date_gmt":"2023-12-27T18:53:37","guid":{"rendered":"https:\/\/www.madehok.com\/_lesTransversales\/?p=4124"},"modified":"2023-12-28T16:45:40","modified_gmt":"2023-12-28T16:45:40","slug":"raphael-bories","status":"publish","type":"post","link":"http:\/\/www.madehok.com\/_lesTransversales\/?p=4124","title":{"rendered":"Rapha\u00ebl Bories"},"content":{"rendered":"\n<p>Conservateur du patrimoine, responsable du p\u00f4le Croyances et religions au Mucem<\/p>\n\n\n\n<p>A propos de l&rsquo;exposition intitul\u00e9e:  \u00ab\u00a0Mon pauvre c\u0153ur est un hibou\u00a0\u00bb<\/p>\n\n\n\n<figure class=\"wp-block-image size-large\"><a href=\"http:\/\/www.madehok.com\/_lesTransversales\/wp-content\/uploads\/2023\/12\/Raphael-Bories-scaled.jpg\"><img loading=\"lazy\" decoding=\"async\" width=\"1024\" height=\"813\" src=\"http:\/\/www.madehok.com\/_lesTransversales\/wp-content\/uploads\/2023\/12\/Raphael-Bories-1024x813.jpg\" alt=\"\" class=\"wp-image-4145\" srcset=\"http:\/\/www.madehok.com\/_lesTransversales\/wp-content\/uploads\/2023\/12\/Raphael-Bories-1024x813.jpg 1024w, http:\/\/www.madehok.com\/_lesTransversales\/wp-content\/uploads\/2023\/12\/Raphael-Bories-300x238.jpg 300w, http:\/\/www.madehok.com\/_lesTransversales\/wp-content\/uploads\/2023\/12\/Raphael-Bories-768x610.jpg 768w, http:\/\/www.madehok.com\/_lesTransversales\/wp-content\/uploads\/2023\/12\/Raphael-Bories-1536x1219.jpg 1536w, http:\/\/www.madehok.com\/_lesTransversales\/wp-content\/uploads\/2023\/12\/Raphael-Bories-2048x1626.jpg 2048w\" sizes=\"(max-width: 1024px) 100vw, 1024px\" \/><\/a><\/figure>\n\n\n\n<p> <\/p>\n\n\n\n<figure class=\"wp-block-audio\"><audio controls src=\"http:\/\/www.madehok.com\/_lesTransversales\/wp-content\/uploads\/2023\/12\/Transversales_RaphaelBories_1.mp3.mp3\"><\/audio><\/figure>\n\n\n\n<figure class=\"wp-block-audio\"><audio controls src=\"http:\/\/www.madehok.com\/_lesTransversales\/wp-content\/uploads\/2023\/12\/Transversales_RaphaelBories_2.mp3.mp3\"><\/audio><\/figure>\n\n\n\n<p>Du 24 novembre  au 10 mars 2024, c\u2019est au&nbsp;B\u00e2timent Georges Henri Rivi\u00e8re (320 m2)au Mucem<\/p>\n\n\n\n<p> Con\u00e7ue conjointement par la Cit\u00e9 Internationale de la tapisserie \u00e0 Aubusson et par le Mucem.<\/p>\n\n\n\n<p>Rapha\u00ebl Bories  est co commissaire de l&rsquo;exposition avec Marie-Charlotte Calafat, conservatrice du Patrimoine, responsable du d\u00e9partement  \u00ab\u00a0collections et \u00ab\u00a0ressources documentaires\u00a0\u00bb, et  Alice Bernadac, conservatrice de la Cit\u00e9 internationale de la tapisserie \u00e0 Aubusson<\/p>\n\n\n\n<p>Cette exposition Ren\u00e9 Perrot, mon pauvre c\u0153ur est un hibou nous donne \u00e0 voir sur 320m2 quelques 200 dessins,  peintures,  tapisseries et objets r\u00e9alis\u00e9s par Rene Perrot sur les 400 Conserv\u00e9s au Mucem<\/p>\n\n\n\n<p>\u00ab\u00a0Fils d\u2019instituteurs et petit-fils d\u2019agriculteurs, Ren\u00e9 Perrot a&nbsp; \u00e9tudi\u00e9 \u00e0 l\u2019\u00c9cole nationale des arts d\u00e9coratifs avant de&nbsp; travailler comme affichiste jusqu\u2019au d\u00e9but de la Seconde&nbsp; Guerre mondiale. Antimilitariste convaincu, il d\u00e9nonce&nbsp; l\u2019absurdit\u00e9 de la guerre \u00e0 laquelle il participe dans des&nbsp; gravures. <\/p>\n\n\n\n<p>Apr\u00e8s la d\u00e9faite fran\u00e7aise face \u00e0 l\u2019Allemagne, il&nbsp; enqu\u00eate pour le mus\u00e9e des Arts et Traditions populaires. <\/p>\n\n\n\n<p>\u00ab\u00a0Comme ce fut le cas pour un certain nombre d\u2019artistes, la protection du mus\u00e9e lui \u00e9vite&nbsp; d\u2019\u00eatre trop inqui\u00e9t\u00e9 en raison de ses positions politiques dans&nbsp; ce contexte troubl\u00e9\u00a0\u00bb.<\/p>\n\n\n\n<p>Pour rappel, le Mucem , mus\u00e9e des civilisations de l&rsquo;Europe et la M\u00e9diterran\u00e9e est l&rsquo;h\u00e9ritier du mus\u00e9e des Arts et Traditions populaires.<\/p>\n\n\n\n<p>Peintre cartonnier pour la tapisserie, Ren\u00e9 Perrot  participe  \u00e0 son renouveau dont on commence \u00e0 voir les effets avec la cr\u00e9ation de la Cite internationale de la tapisserie \u00e0 Aubusson, inaugur\u00e9e en 2016&nbsp;<\/p>\n\n\n\n<p>Il fournit des mod\u00e8les pour les tissages des manufactures d\u2019Aubusson et de Felletin, r\u00e9pondant notamment aux commandes de l\u2019\u00c9tat dans le contexte de la Reconstruction&#8230;<\/p>\n\n\n\n<p>Choix musical de Rapha\u00eal Bories:<\/p>\n\n\n\n<p><a href=\"https:\/\/www.youtube.com\/results?search_query=john+denver+take+me+home+country+roads\"><strong>https:\/\/www.youtube.com\/results?search_query=john+denver+take+me+home+country+roads<\/strong><\/a><strong>&nbsp; &nbsp; <\/strong><strong>John Denver &#8211; Take Me Home, Country Roads<\/strong><\/p>\n\n\n\n<p>Et sur la fabrication des tapisseries&#8230; Afin de ne plus rien ignorer du m\u00e9tier de lissier<\/p>\n\n\n\n<figure class=\"wp-block-embed is-type-video is-provider-youtube wp-block-embed-youtube wp-embed-aspect-16-9 wp-has-aspect-ratio\"><div class=\"wp-block-embed__wrapper\">\n<iframe loading=\"lazy\" title=\"Le geste du lissier (tapisserie d&#039;Aubusson)\" width=\"500\" height=\"281\" src=\"https:\/\/www.youtube.com\/embed\/Dkk6RZfQctE?start=44&#038;feature=oembed\" frameborder=\"0\" allow=\"accelerometer; autoplay; clipboard-write; encrypted-media; gyroscope; picture-in-picture; web-share\" referrerpolicy=\"strict-origin-when-cross-origin\" allowfullscreen><\/iframe>\n<\/div><\/figure>\n\n\n\n<p><iframe loading=\"lazy\" title=\"Le geste du lissier (tapisserie d&#039;Aubusson)\" width=\"500\" height=\"281\" src=\"https:\/\/www.youtube.com\/embed\/Dkk6RZfQctE?feature=oembed\" frameborder=\"0\" allow=\"accelerometer; autoplay; clipboard-write; encrypted-media; gyroscope; picture-in-picture; web-share\" referrerpolicy=\"strict-origin-when-cross-origin\" allowfullscreen><\/iframe><\/p>\n","protected":false},"excerpt":{"rendered":"<p>Conservateur du patrimoine, responsable du p\u00f4le Croyances et religions au Mucem A propos de l&rsquo;exposition intitul\u00e9e: \u00ab\u00a0Mon pauvre c\u0153ur est un hibou\u00a0\u00bb Du 24 novembre au 10 mars 2024, c\u2019est au&nbsp;B\u00e2timent Georges Henri Rivi\u00e8re (320 m2)au Mucem Con\u00e7ue conjointement par la Cit\u00e9 Internationale de la tapisserie \u00e0 Aubusson et par le Mucem. Rapha\u00ebl Bories est [&hellip;]<\/p>\n","protected":false},"author":2,"featured_media":0,"comment_status":"closed","ping_status":"open","sticky":false,"template":"","format":"standard","meta":{"footnotes":""},"categories":[1],"tags":[],"_links":{"self":[{"href":"http:\/\/www.madehok.com\/_lesTransversales\/index.php?rest_route=\/wp\/v2\/posts\/4124"}],"collection":[{"href":"http:\/\/www.madehok.com\/_lesTransversales\/index.php?rest_route=\/wp\/v2\/posts"}],"about":[{"href":"http:\/\/www.madehok.com\/_lesTransversales\/index.php?rest_route=\/wp\/v2\/types\/post"}],"author":[{"embeddable":true,"href":"http:\/\/www.madehok.com\/_lesTransversales\/index.php?rest_route=\/wp\/v2\/users\/2"}],"replies":[{"embeddable":true,"href":"http:\/\/www.madehok.com\/_lesTransversales\/index.php?rest_route=%2Fwp%2Fv2%2Fcomments&post=4124"}],"version-history":[{"count":9,"href":"http:\/\/www.madehok.com\/_lesTransversales\/index.php?rest_route=\/wp\/v2\/posts\/4124\/revisions"}],"predecessor-version":[{"id":4163,"href":"http:\/\/www.madehok.com\/_lesTransversales\/index.php?rest_route=\/wp\/v2\/posts\/4124\/revisions\/4163"}],"wp:attachment":[{"href":"http:\/\/www.madehok.com\/_lesTransversales\/index.php?rest_route=%2Fwp%2Fv2%2Fmedia&parent=4124"}],"wp:term":[{"taxonomy":"category","embeddable":true,"href":"http:\/\/www.madehok.com\/_lesTransversales\/index.php?rest_route=%2Fwp%2Fv2%2Fcategories&post=4124"},{"taxonomy":"post_tag","embeddable":true,"href":"http:\/\/www.madehok.com\/_lesTransversales\/index.php?rest_route=%2Fwp%2Fv2%2Ftags&post=4124"}],"curies":[{"name":"wp","href":"https:\/\/api.w.org\/{rel}","templated":true}]}}