{"id":4170,"date":"2024-01-25T23:33:26","date_gmt":"2024-01-25T23:33:26","guid":{"rendered":"https:\/\/www.madehok.com\/_lesTransversales\/?p=4170"},"modified":"2024-01-27T13:02:11","modified_gmt":"2024-01-27T13:02:11","slug":"anne-renault-directrice-artistique-des-elancees","status":"publish","type":"post","link":"http:\/\/www.madehok.com\/_lesTransversales\/?p=4170","title":{"rendered":"Anne Renault, directrice artistique des Elanc\u00e9es"},"content":{"rendered":"\n<p><strong>Festival des Arts du Geste&nbsp;<\/strong> du 10 au 25 f\u00e9vrier 2024, 25eme anniversaire<\/p>\n\n\n\n<figure class=\"wp-block-image size-large\"><a href=\"http:\/\/www.madehok.com\/_lesTransversales\/wp-content\/uploads\/2024\/01\/unnamed.jpg\"><img loading=\"lazy\" decoding=\"async\" width=\"1024\" height=\"576\" src=\"http:\/\/www.madehok.com\/_lesTransversales\/wp-content\/uploads\/2024\/01\/unnamed-1024x576.jpg\" alt=\"\" class=\"wp-image-4168\" srcset=\"http:\/\/www.madehok.com\/_lesTransversales\/wp-content\/uploads\/2024\/01\/unnamed-1024x576.jpg 1024w, http:\/\/www.madehok.com\/_lesTransversales\/wp-content\/uploads\/2024\/01\/unnamed-300x169.jpg 300w, http:\/\/www.madehok.com\/_lesTransversales\/wp-content\/uploads\/2024\/01\/unnamed-768x432.jpg 768w, http:\/\/www.madehok.com\/_lesTransversales\/wp-content\/uploads\/2024\/01\/unnamed-1536x864.jpg 1536w, http:\/\/www.madehok.com\/_lesTransversales\/wp-content\/uploads\/2024\/01\/unnamed.jpg 1920w\" sizes=\"(max-width: 1024px) 100vw, 1024px\" \/><\/a><\/figure>\n\n\n\n<p><\/p>\n\n\n\n<figure class=\"wp-block-audio\"><audio controls src=\"http:\/\/www.madehok.com\/_lesTransversales\/wp-content\/uploads\/2024\/01\/Transversales_AnneRenault_1.mp3.mp3\"><\/audio><\/figure>\n\n\n\n<figure class=\"wp-block-audio\"><audio controls src=\"http:\/\/www.madehok.com\/_lesTransversales\/wp-content\/uploads\/2024\/01\/Transversales_AnneRenault_2.mp3.mp3\"><\/audio><\/figure>\n\n\n\n<p> \u00ab&nbsp;<em>Les \u00c9lanc\u00e9es<\/em>&nbsp;ont vocation \u00e0 s\u2019adresser \u00e0 tous, y compris aux plus jeunes. L\u2019organisation de nombreuses s\u00e9ances scolaires et d\u2019ateliers artistiques nous permet d\u2019aller \u00e0 leur rencontre. Depuis, nous n\u2019avons jamais cess\u00e9 d\u2019inviter de grands noms de la danse et du cirque \u00e0 effectuer ce travail. Notre Festival se veut rassembleur \u00bb. Anne Renault<\/p>\n\n\n\n<p><strong>Un Festival dont le mot-cl\u00e9 est OUVERTURE<\/strong>&nbsp;aux disciplines, aux publics, aux g\u00e9n\u00e9rations et qui repose sur trois valeurs fondatrices : une programmation exigeante, un ancrage territorial et un esprit de convivialit\u00e9. \u00bb, comme le souligne&nbsp;<strong>Nicole Joulia, Pr\u00e9sidente de Sc\u00e8nes et Cin\u00e9s.<\/strong><\/p>\n\n\n\n<p>Un entretien \u00e0 distance et pourtant passionnant.<\/p>\n\n\n\n<p>Un festival qui met en sc\u00e8ne le corps, le mouvement, le geste, ici la barri\u00e8re de la langue n&rsquo;existe pas, et le corps nous en dit tant, un festival auquel participent de nombreuses compagnies venues du monde entier.<\/p>\n\n\n\n<p>\u00ab\u00a0<em>\u201cSi Les \u00c9lanc\u00e9es est un festival qui divertit, il contribue aussi \u00e0 l\u2019\u00e9veil des consciences sur les valeurs citoyennes. Il accorde une large place \u00e0 la cr\u00e9ation au f\u00e9minin et aux artistes qui s\u2019engagent pour la plan\u00e8te. Ainsi, les arts du geste permettent sans cesse de d\u00e9couvrir de nouvelles mani\u00e8res d\u2019\u00eatre, de penser et d\u2019\u00e9largir nos horizons<\/em>\u00ab\u00a0<\/p>\n\n\n\n<p>Toutes les informations sont \u00e0 retrouver sur le site des Elanc\u00e9es<\/p>\n\n\n\n<p>Au total, 60 repr\u00e9sentations sont pr\u00e9vues, dont 23 et c&rsquo;est important d\u00e9di\u00e9es aux \u00e9tablissements scolaires, pr\u00e8s de 150 classes et 4 000 enfants. Et bien s\u00fbr la pr\u00e9sence de plus de 150 artistes et techniciens.<\/p>\n\n\n\n<p>Les lieux du festival :six communes de l\u2019Ouest-provencal;  Fos-sur-Mer, Grans, Istres, Miramas,  Port Saint Louis du Rh\u00f4ne, Cornillon-Confoux,<\/p>\n\n\n\n<p>Quelques sons:<\/p>\n\n\n\n<p><strong>Teaser du festival<\/strong><\/p>\n\n\n\n<p><strong>Teaser \u00ab\u00a0Pandax\u00a0\u00bb <\/strong><a href=\"https:\/\/www.youtube.com\/@cirquelacompagnie8409\">Cirque la compagnie, 1.46<\/a><\/p>\n\n\n\n<p>..Et choisis par mon invit\u00e9e:<\/p>\n\n\n\n<p><strong>Lou Reed A walk on the wild Side &lsquo;1985 <\/strong><\/p>\n\n\n\n<p><strong><a href=\"https:\/\/www.youtube.com\/watch?v=8c4tsQvRNWY\">Birds On A Wire &#8211; La Marelle (Amarelinha) &#8211;<\/a>Chanson de Birds on a Wire, Dom La Nena et Rosemary Standley<\/strong><\/p>\n\n\n\n<p><\/p>\n\n\n\n<p><\/p>\n\n\n\n<p><\/p>\n","protected":false},"excerpt":{"rendered":"<p>Festival des Arts du Geste&nbsp; du 10 au 25 f\u00e9vrier 2024, 25eme anniversaire \u00ab&nbsp;Les \u00c9lanc\u00e9es&nbsp;ont vocation \u00e0 s\u2019adresser \u00e0 tous, y compris aux plus jeunes. L\u2019organisation de nombreuses s\u00e9ances scolaires et d\u2019ateliers artistiques nous permet d\u2019aller \u00e0 leur rencontre. Depuis, nous n\u2019avons jamais cess\u00e9 d\u2019inviter de grands noms de la danse et du cirque \u00e0 [&hellip;]<\/p>\n","protected":false},"author":2,"featured_media":0,"comment_status":"closed","ping_status":"open","sticky":false,"template":"","format":"standard","meta":{"footnotes":""},"categories":[1],"tags":[],"_links":{"self":[{"href":"http:\/\/www.madehok.com\/_lesTransversales\/index.php?rest_route=\/wp\/v2\/posts\/4170"}],"collection":[{"href":"http:\/\/www.madehok.com\/_lesTransversales\/index.php?rest_route=\/wp\/v2\/posts"}],"about":[{"href":"http:\/\/www.madehok.com\/_lesTransversales\/index.php?rest_route=\/wp\/v2\/types\/post"}],"author":[{"embeddable":true,"href":"http:\/\/www.madehok.com\/_lesTransversales\/index.php?rest_route=\/wp\/v2\/users\/2"}],"replies":[{"embeddable":true,"href":"http:\/\/www.madehok.com\/_lesTransversales\/index.php?rest_route=%2Fwp%2Fv2%2Fcomments&post=4170"}],"version-history":[{"count":12,"href":"http:\/\/www.madehok.com\/_lesTransversales\/index.php?rest_route=\/wp\/v2\/posts\/4170\/revisions"}],"predecessor-version":[{"id":4186,"href":"http:\/\/www.madehok.com\/_lesTransversales\/index.php?rest_route=\/wp\/v2\/posts\/4170\/revisions\/4186"}],"wp:attachment":[{"href":"http:\/\/www.madehok.com\/_lesTransversales\/index.php?rest_route=%2Fwp%2Fv2%2Fmedia&parent=4170"}],"wp:term":[{"taxonomy":"category","embeddable":true,"href":"http:\/\/www.madehok.com\/_lesTransversales\/index.php?rest_route=%2Fwp%2Fv2%2Fcategories&post=4170"},{"taxonomy":"post_tag","embeddable":true,"href":"http:\/\/www.madehok.com\/_lesTransversales\/index.php?rest_route=%2Fwp%2Fv2%2Ftags&post=4170"}],"curies":[{"name":"wp","href":"https:\/\/api.w.org\/{rel}","templated":true}]}}