{"id":4188,"date":"2024-02-10T21:18:47","date_gmt":"2024-02-10T21:18:47","guid":{"rendered":"https:\/\/www.madehok.com\/_lesTransversales\/?p=4188"},"modified":"2024-02-10T21:28:28","modified_gmt":"2024-02-10T21:28:28","slug":"raquel-rache-de-andrade-2","status":"publish","type":"post","link":"http:\/\/www.madehok.com\/_lesTransversales\/?p=4188","title":{"rendered":"Raquel Rache de Andrade,"},"content":{"rendered":"\n<p>A propos de L&rsquo;Entre 2 BIAC 2024, Biennale Internationale des Arts du Cirque Contemporain<\/p>\n\n\n\n<figure class=\"wp-block-image size-large\"><a href=\"http:\/\/www.madehok.com\/_lesTransversales\/wp-content\/uploads\/2024\/02\/IMG_5993-1-scaled.jpg\"><img loading=\"lazy\" decoding=\"async\" width=\"1024\" height=\"808\" src=\"http:\/\/www.madehok.com\/_lesTransversales\/wp-content\/uploads\/2024\/02\/IMG_5993-1-1024x808.jpg\" alt=\"\" class=\"wp-image-4190\" srcset=\"http:\/\/www.madehok.com\/_lesTransversales\/wp-content\/uploads\/2024\/02\/IMG_5993-1-1024x808.jpg 1024w, http:\/\/www.madehok.com\/_lesTransversales\/wp-content\/uploads\/2024\/02\/IMG_5993-1-300x237.jpg 300w, http:\/\/www.madehok.com\/_lesTransversales\/wp-content\/uploads\/2024\/02\/IMG_5993-1-768x606.jpg 768w, http:\/\/www.madehok.com\/_lesTransversales\/wp-content\/uploads\/2024\/02\/IMG_5993-1-1536x1212.jpg 1536w, http:\/\/www.madehok.com\/_lesTransversales\/wp-content\/uploads\/2024\/02\/IMG_5993-1-2048x1616.jpg 2048w\" sizes=\"(max-width: 1024px) 100vw, 1024px\" \/><\/a><\/figure>\n\n\n\n<p>Elle est  co-fondatrice avec Guy Carrara de la BIAC, ensemble,  il dirigent Archaos labellis\u00e9 P\u00f4le National Cirque en 2012, install\u00e9 2 Boulevard de la M\u00e9diterran\u00e9e, 13015 Marseille.<\/p>\n\n\n\n<p>&nbsp;Simon Carrara les a rejoints aujourd&rsquo;hui au sein de&nbsp; l\u2019\u00e9quipe de direction.<\/p>\n\n\n\n<p>O\u00f9 il est question de l&rsquo;Entre 2 Biac 2024, 5\u00e8me Edition cette ann\u00e9e, qui a d\u00e9marr\u00e9 le 25 Janvier et se poursuivra jusqu&rsquo;au 25 f\u00e9vrier.<\/p>\n\n\n\n<p>Entre 2 Biac ou le croisement des disciplines, en cette ann\u00e9e olympique, en \u00e9cho avec l&rsquo;actualit\u00e9 sportive, Archaos a souhait\u00e9 faire dialoguer sport et arts du cirque, toujours plus haut, projet labelis\u00e9 olympiade culturelle.<\/p>\n\n\n\n<p>O\u00f9 il est question du foot style, le foot  comme discipline, comme objet artistique<\/p>\n\n\n\n<p>O\u00f9 il est question de danse, de cirque, du corps comme exercice physique de la pens\u00e9e, o\u00f9 il est&nbsp; question de Cirque sous chapiteaux mais pas seulement. Il  est question d&rsquo;artistes magnifiques, ils sont  po\u00e8tes, danseurs, \u00e9quilibristes aux multiples talents,  sportifs de haut niveau, athl\u00e8tes,  ils sont des circassiens.<\/p>\n\n\n\n<p>\u00ab\u00a0<em>Nous affirmons que l\u2019art est essentiel, que la vie culturelle est fondamentale. Les hommes des cavernes nous ont laiss\u00e9 les traces picturales de l\u2019indispensable n\u00e9cessit\u00e9 d\u2019expression de l\u2019humanit\u00e9 ; d\u00e9j\u00e0, ils montaient sur les \u00e9paules des uns et des autres pour tenter de d\u00e9crocher la lune\u2026 Le cirque \u00e9tait n\u00e9, essentiel pour toujours !<\/em>\u00ab\u00a0<\/p>\n\n\n\n<p><em>Toujours plus haut <\/em>est l\u2019occasion de&nbsp; cr\u00e9er des exp\u00e9riences artistiques, sportives et humaines in\u00e9dites.<\/p>\n\n\n\n<p>Prise de risque, esprit collectif, inclu sion, solidarit\u00e9, diversit\u00e9 et pers\u00e9v\u00e9rance rythment ce projet pens\u00e9 sur&nbsp; mesure pour cr\u00e9er la rencontre entre&nbsp; cirque contemporain et performances&nbsp; sportives.&nbsp;&nbsp;<\/p>\n\n\n\n<p><a href=\"https:\/\/www.youtube.com\/watch?v=FO5bFb-n-iw\">Teaser Entre2 BIAC 2024<\/a> <\/p>\n\n\n\n<p><a href=\"https:\/\/www.youtube.com\/watch?v=Ql8x3jVZOgc\">https:\/\/www.youtube.com\/watch?v=Ql8x3jVZOgc<\/a> Citizen &#8211; Les Hommes de Mains<\/p>\n\n\n\n<p><a href=\"https:\/\/www.youtube.com\/watch?v=StyoYMNmXkA\">Entre ciel et mer &#8211; Cirque \u00c9loize &#8211; 2022<\/a> 2\u201909 captation 2022<\/p>\n\n\n\n<p>#MariaBeth\u00e2nia #Reconvexo #AmorFestaDevo\u00e7\u00e3o<\/p>\n","protected":false},"excerpt":{"rendered":"<p>A propos de L&rsquo;Entre 2 BIAC 2024, Biennale Internationale des Arts du Cirque Contemporain Elle est co-fondatrice avec Guy Carrara de la BIAC, ensemble, il dirigent Archaos labellis\u00e9 P\u00f4le National Cirque en 2012, install\u00e9 2 Boulevard de la M\u00e9diterran\u00e9e, 13015 Marseille. &nbsp;Simon Carrara les a rejoints aujourd&rsquo;hui au sein de&nbsp; l\u2019\u00e9quipe de direction. O\u00f9 il [&hellip;]<\/p>\n","protected":false},"author":2,"featured_media":0,"comment_status":"closed","ping_status":"open","sticky":false,"template":"","format":"standard","meta":{"footnotes":""},"categories":[1],"tags":[],"_links":{"self":[{"href":"http:\/\/www.madehok.com\/_lesTransversales\/index.php?rest_route=\/wp\/v2\/posts\/4188"}],"collection":[{"href":"http:\/\/www.madehok.com\/_lesTransversales\/index.php?rest_route=\/wp\/v2\/posts"}],"about":[{"href":"http:\/\/www.madehok.com\/_lesTransversales\/index.php?rest_route=\/wp\/v2\/types\/post"}],"author":[{"embeddable":true,"href":"http:\/\/www.madehok.com\/_lesTransversales\/index.php?rest_route=\/wp\/v2\/users\/2"}],"replies":[{"embeddable":true,"href":"http:\/\/www.madehok.com\/_lesTransversales\/index.php?rest_route=%2Fwp%2Fv2%2Fcomments&post=4188"}],"version-history":[{"count":8,"href":"http:\/\/www.madehok.com\/_lesTransversales\/index.php?rest_route=\/wp\/v2\/posts\/4188\/revisions"}],"predecessor-version":[{"id":4210,"href":"http:\/\/www.madehok.com\/_lesTransversales\/index.php?rest_route=\/wp\/v2\/posts\/4188\/revisions\/4210"}],"wp:attachment":[{"href":"http:\/\/www.madehok.com\/_lesTransversales\/index.php?rest_route=%2Fwp%2Fv2%2Fmedia&parent=4188"}],"wp:term":[{"taxonomy":"category","embeddable":true,"href":"http:\/\/www.madehok.com\/_lesTransversales\/index.php?rest_route=%2Fwp%2Fv2%2Fcategories&post=4188"},{"taxonomy":"post_tag","embeddable":true,"href":"http:\/\/www.madehok.com\/_lesTransversales\/index.php?rest_route=%2Fwp%2Fv2%2Ftags&post=4188"}],"curies":[{"name":"wp","href":"https:\/\/api.w.org\/{rel}","templated":true}]}}