{"id":4246,"date":"2024-03-13T17:50:26","date_gmt":"2024-03-13T17:50:26","guid":{"rendered":"https:\/\/www.madehok.com\/_lesTransversales\/?p=4246"},"modified":"2024-03-16T21:03:51","modified_gmt":"2024-03-16T21:03:51","slug":"odile-lecour","status":"publish","type":"post","link":"http:\/\/www.madehok.com\/_lesTransversales\/?p=4246","title":{"rendered":"Odile Lecour"},"content":{"rendered":"\n<p>Fondatrice et Directrice artistique de la Maison du Chant<\/p>\n\n\n\n<figure class=\"wp-block-image size-full\"><a href=\"http:\/\/www.madehok.com\/_lesTransversales\/wp-content\/uploads\/2024\/03\/IMG_7331.jpg\"><img loading=\"lazy\" decoding=\"async\" width=\"800\" height=\"516\" src=\"http:\/\/www.madehok.com\/_lesTransversales\/wp-content\/uploads\/2024\/03\/IMG_7331.jpg\" alt=\"\" class=\"wp-image-4259\" srcset=\"http:\/\/www.madehok.com\/_lesTransversales\/wp-content\/uploads\/2024\/03\/IMG_7331.jpg 800w, http:\/\/www.madehok.com\/_lesTransversales\/wp-content\/uploads\/2024\/03\/IMG_7331-300x194.jpg 300w, http:\/\/www.madehok.com\/_lesTransversales\/wp-content\/uploads\/2024\/03\/IMG_7331-768x495.jpg 768w\" sizes=\"(max-width: 800px) 100vw, 800px\" \/><\/a><\/figure>\n\n\n\n<p> A propos des 20 ans de la Maison du Chant , un anniversaire qui fera date<\/p>\n\n\n\n<figure class=\"wp-block-audio\"><audio controls src=\"http:\/\/www.madehok.com\/_lesTransversales\/wp-content\/uploads\/2024\/03\/Transversales_OLecourMars2024_1.mp3.mp3\"><\/audio><\/figure>\n\n\n\n<figure class=\"wp-block-audio\"><audio controls src=\"http:\/\/www.madehok.com\/_lesTransversales\/wp-content\/uploads\/2024\/03\/Transversales_OLecourMars-2024_2.mp3.mp3\"><\/audio><\/figure>\n\n\n\n<p> <\/p>\n\n\n\n<p>\u00ab\u00a0Comme une r\u00e9trospective des chemins emprunt\u00e9s, une retrouvaille avec les artistes qui ont jalonn\u00e9 notre voyage, un rappel des chants et polyphonies abord\u00e9s, les pages de notre histoire vont se d\u00e9plier tout au long de l\u2019ann\u00e9e 2024.<br>Un livre qui s\u2019ouvre sur la gen\u00e8se de la Maison du Chant et nous emm\u00e8ne sur les chemins de traverse.<br>Une partition \u00e9crite \u00e0 plusieurs voix en r\u00e9sonance avec les cl\u00e9s et les modes des diff\u00e9rentes traditions rencontr\u00e9es, une frise chronologique qui se d\u00e9cline sur les vagues du temps\u2026<\/p>\n\n\n\n<p>Cette ann\u00e9e sera l\u2019occasion de retrouver tous ces artistes amis, non pas comme ils \u00e9taient la premi\u00e8re fois mais l\u00e0 o\u00f9 ils sont aujourd\u2019hui. Leur carnet de voyage tout comme le n\u00f4tre est parsem\u00e9 d\u2019escales, de d\u00e9collages, de surprises et surtout  de cr\u00e9ations in\u00e9dites. <\/p>\n\n\n\n<p>Fusion ? M\u00e9tissage ? Mariage ? Communion ? Une parenth\u00e8se \u00e9ph\u00e9m\u00e8re, intense et souvent bouleversante.<\/p>\n\n\n\n<p>Il parait que 20 ans est le plus \u00e2ge ; nous allons le f\u00eater avec ces artistes  magnifiques, avec notre public fid\u00e8le enthousiaste, avec nous tous, dans tous ces lieux qu\u2019on aime et qui nous accueillent depuis \u2026 depuis 20 ans !\u00a0\u00bb<br><\/p>\n\n\n\n<p>Odile Lecour et Maxime Vagner.<\/p>\n\n\n\n<p>Choix musicaux d&rsquo;Odile Lecour  <\/p>\n\n\n\n<p>Ablaye Cissoko  S\u00e9n\u00e9gal<\/p>\n\n\n\n<p>Nena Venetsanou qui chante du Rebetiko  \u00ab\u00a0blues grec\u00a0\u00bb<\/p>\n\n\n\n<p>Jacques Higelin, \u00ab\u00a0Ballade de chez Tao\u00a0\u00bb<\/p>\n\n\n\n<p><\/p>\n\n\n\n<p>Toutes les informations concernant cet anniversaire  sont \u00e0 retrouver sur le site de la Maison du Chant<\/p>\n","protected":false},"excerpt":{"rendered":"<p>Fondatrice et Directrice artistique de la Maison du Chant A propos des 20 ans de la Maison du Chant , un anniversaire qui fera date \u00ab\u00a0Comme une r\u00e9trospective des chemins emprunt\u00e9s, une retrouvaille avec les artistes qui ont jalonn\u00e9 notre voyage, un rappel des chants et polyphonies abord\u00e9s, les pages de notre histoire vont se [&hellip;]<\/p>\n","protected":false},"author":2,"featured_media":0,"comment_status":"closed","ping_status":"open","sticky":false,"template":"","format":"standard","meta":{"footnotes":""},"categories":[1],"tags":[],"_links":{"self":[{"href":"http:\/\/www.madehok.com\/_lesTransversales\/index.php?rest_route=\/wp\/v2\/posts\/4246"}],"collection":[{"href":"http:\/\/www.madehok.com\/_lesTransversales\/index.php?rest_route=\/wp\/v2\/posts"}],"about":[{"href":"http:\/\/www.madehok.com\/_lesTransversales\/index.php?rest_route=\/wp\/v2\/types\/post"}],"author":[{"embeddable":true,"href":"http:\/\/www.madehok.com\/_lesTransversales\/index.php?rest_route=\/wp\/v2\/users\/2"}],"replies":[{"embeddable":true,"href":"http:\/\/www.madehok.com\/_lesTransversales\/index.php?rest_route=%2Fwp%2Fv2%2Fcomments&post=4246"}],"version-history":[{"count":11,"href":"http:\/\/www.madehok.com\/_lesTransversales\/index.php?rest_route=\/wp\/v2\/posts\/4246\/revisions"}],"predecessor-version":[{"id":4268,"href":"http:\/\/www.madehok.com\/_lesTransversales\/index.php?rest_route=\/wp\/v2\/posts\/4246\/revisions\/4268"}],"wp:attachment":[{"href":"http:\/\/www.madehok.com\/_lesTransversales\/index.php?rest_route=%2Fwp%2Fv2%2Fmedia&parent=4246"}],"wp:term":[{"taxonomy":"category","embeddable":true,"href":"http:\/\/www.madehok.com\/_lesTransversales\/index.php?rest_route=%2Fwp%2Fv2%2Fcategories&post=4246"},{"taxonomy":"post_tag","embeddable":true,"href":"http:\/\/www.madehok.com\/_lesTransversales\/index.php?rest_route=%2Fwp%2Fv2%2Ftags&post=4246"}],"curies":[{"name":"wp","href":"https:\/\/api.w.org\/{rel}","templated":true}]}}