{"id":8,"date":"2011-11-24T12:21:45","date_gmt":"2011-11-24T12:21:45","guid":{"rendered":"http:\/\/www.madehok.com\/_lesTransversales\/?p=8"},"modified":"2013-02-04T16:25:21","modified_gmt":"2013-02-04T16:25:21","slug":"8","status":"publish","type":"post","link":"http:\/\/www.madehok.com\/_lesTransversales\/?p=8","title":{"rendered":"Didier Gourvennec Ogor"},"content":{"rendered":"<p><a href=\"http:\/\/www.madehok.com\/_lesTransversales\/wp-content\/uploads\/2011\/11\/gourvennec-ogor.jpg\"><img loading=\"lazy\" decoding=\"async\" src=\"http:\/\/www.madehok.com\/_lesTransversales\/wp-content\/uploads\/2011\/11\/gourvennec-ogor.jpg\" alt=\"\" title=\"gourvennec-ogor\" width=\"415\" height=\"244\" class=\"alignnone size-full wp-image-84\" srcset=\"http:\/\/www.madehok.com\/_lesTransversales\/wp-content\/uploads\/2011\/11\/gourvennec-ogor.jpg 415w, http:\/\/www.madehok.com\/_lesTransversales\/wp-content\/uploads\/2011\/11\/gourvennec-ogor-300x176.jpg 300w\" sizes=\"(max-width: 415px) 100vw, 415px\" \/><\/a><\/p>\n<p>Cet article n&rsquo;est plus disponible sur cette page, vous pouvez avoir acc\u00e8s a cet entretien en me  joignant par mail \u00e0 l&rsquo;adresse suivante levysylvie[at]gmail.com<\/p>\n<p>Entretien avec Didier Gourvennec Ogor, galeriste fondateur de la Galerie Gourvennec Ogor \u00e0 Marseille.<br \/>\nDiffus\u00e9 les <strong>21, 22 et 23 novembre 2011<\/strong> sur Radio JM.<\/p>\n<p>&#8212;<\/p>\n<p>Didier Gourvennec Ogor est le fondateur de la Galerie Gourvennec Ogor situ\u00e9e dans un lieu in\u00e9dit au c\u0153ur de Marseille, dans un quartier en plein essor artistique et culturel, \u00e0 proximit\u00e9 du futur b\u00e2timent du Frac, pr\u00e8s des Docks. Apr\u00e8s des exp\u00e9riences au Frac des Pays de la Loire \u00e0 Carquefou, sous la direction de Jean-Fran\u00e7ois Tadd\u00e9i, et au Frac Provence-Alpes-C\u00f4te d\u2019Azur, sous celle d\u2019\u00c9ric Mangion, Didier Gourvennec Ogor devient assistant \u00e0 la Galerie Roger Pailhas \u00e0 Marseille (2003-2005).<br \/>\nEn 2005, Yvon Lambert l\u2019engage dans sa galerie parisienne, puis il rejoint en 2009 la Galerie Georges-Philippe &#038; Nathalie Vallois.<br \/>\nD\u00e9cembre 2010, Didier Gourvennec Ogor d\u00e9cide d\u2019ouvrir sa propre galerie d\u2019art contemporain.<\/p>\n","protected":false},"excerpt":{"rendered":"<p>Cet article n&rsquo;est plus disponible sur cette page, vous pouvez avoir acc\u00e8s a cet entretien en me joignant par mail \u00e0 l&rsquo;adresse suivante levysylvie[at]gmail.com Entretien avec Didier Gourvennec Ogor, galeriste fondateur de la Galerie Gourvennec Ogor \u00e0 Marseille. Diffus\u00e9 les 21, 22 et 23 novembre 2011 sur Radio JM. &#8212; Didier Gourvennec Ogor est le [&hellip;]<\/p>\n","protected":false},"author":1,"featured_media":14,"comment_status":"open","ping_status":"open","sticky":false,"template":"","format":"standard","meta":{"footnotes":""},"categories":[5],"tags":[],"_links":{"self":[{"href":"http:\/\/www.madehok.com\/_lesTransversales\/index.php?rest_route=\/wp\/v2\/posts\/8"}],"collection":[{"href":"http:\/\/www.madehok.com\/_lesTransversales\/index.php?rest_route=\/wp\/v2\/posts"}],"about":[{"href":"http:\/\/www.madehok.com\/_lesTransversales\/index.php?rest_route=\/wp\/v2\/types\/post"}],"author":[{"embeddable":true,"href":"http:\/\/www.madehok.com\/_lesTransversales\/index.php?rest_route=\/wp\/v2\/users\/1"}],"replies":[{"embeddable":true,"href":"http:\/\/www.madehok.com\/_lesTransversales\/index.php?rest_route=%2Fwp%2Fv2%2Fcomments&post=8"}],"version-history":[{"count":17,"href":"http:\/\/www.madehok.com\/_lesTransversales\/index.php?rest_route=\/wp\/v2\/posts\/8\/revisions"}],"predecessor-version":[{"id":829,"href":"http:\/\/www.madehok.com\/_lesTransversales\/index.php?rest_route=\/wp\/v2\/posts\/8\/revisions\/829"}],"wp:featuredmedia":[{"embeddable":true,"href":"http:\/\/www.madehok.com\/_lesTransversales\/index.php?rest_route=\/wp\/v2\/media\/14"}],"wp:attachment":[{"href":"http:\/\/www.madehok.com\/_lesTransversales\/index.php?rest_route=%2Fwp%2Fv2%2Fmedia&parent=8"}],"wp:term":[{"taxonomy":"category","embeddable":true,"href":"http:\/\/www.madehok.com\/_lesTransversales\/index.php?rest_route=%2Fwp%2Fv2%2Fcategories&post=8"},{"taxonomy":"post_tag","embeddable":true,"href":"http:\/\/www.madehok.com\/_lesTransversales\/index.php?rest_route=%2Fwp%2Fv2%2Ftags&post=8"}],"curies":[{"name":"wp","href":"https:\/\/api.w.org\/{rel}","templated":true}]}}