{"id":2402,"date":"2016-07-05T18:56:38","date_gmt":"2016-07-05T18:56:38","guid":{"rendered":"http:\/\/www.madehok.com\/_lesTransversales\/?p=2402"},"modified":"2016-07-13T12:56:41","modified_gmt":"2016-07-13T12:56:41","slug":"jean-pierre-rehm-directeur-du-fid-marseille","status":"publish","type":"post","link":"https:\/\/www.madehok.com\/_lesTransversales\/?p=2402","title":{"rendered":"Jean-Pierre Rehm, directeur du Fid Marseille"},"content":{"rendered":"<p><img loading=\"lazy\" decoding=\"async\" class=\"alignnone size-full wp-image-2409\" alt=\"index\" src=\"http:\/\/www.madehok.com\/_lesTransversales\/wp-content\/uploads\/2016\/07\/index.jpg\" width=\"273\" height=\"184\" \/><br \/>\n[audio:http:\/\/www.madehok.com\/_lesTransversales\/wp-content\/audio\/Transversales_JeanpierreRehm_1.mp3|titles=Les Transversales du 05 O7 2016]<br \/>\n[audio:http:\/\/www.madehok.com\/_lesTransversales\/wp-content\/audio\/Transversales_JeanpierreRehm_2.mp3|titles=Les Transversales du 06 O7 2016]<br \/>\n[audio:http:\/\/www.madehok.com\/_lesTransversales\/wp-content\/audio\/Transversales_JeanpierreRehm_3.mp3|titles=Les Transversales du 07 07 2016]<\/p>\n<p>O\u00f9 il est question de cin\u00e9ma, du Fidmarseille dont c\u2019est cette ann\u00e9e la 27\u00e8me \u00e9dition.<br \/>\nLe festival international de cin\u00e9ma de Marseille, c\u2019est \u00e0 partir de mardi prochain 12 juillet et jusqu\u2019au 18 juillet une nouvelle \u00e9dition cette fois encore, au service du cin\u00e9ma, de l\u2019art et de la culture \u2013<\/p>\n<p>le Fid un hommage au cin\u00e9ma du monde<br \/>\nun programme riche de plus de 200 films, originaires de plus de 36 pays,\u201c<\/p>\n<p>Pendant toute la dur\u00e9e du festival le le FID Marseille investit de nombreux lieux dans la ville des lieux embl\u00e9matiques s\u2019il en est en particulier le Mucem,,Villa M\u00e9diterran\u00e9e le cin\u00e9ma les Vari\u00e9t\u00e9s, l\u2019Alcazar, le Th\u00e9\u00e2tre Silvain&#8230;<\/p>\n<p>\u00ab\u00a0CORNICHE KENNEDY\u00a0\u00bb c\u2019est le titre du film qui ouvrira le festival cette ann\u00e9e le mardi 12 juillet, film en Premi\u00e8re mondiale de la r\u00e9alisatrice Dominique Cabrera,projet\u00e9 en pr\u00e9sence de l\u2019\u00e9quipe du film<br \/>\nUn film comme un double symbole , un hommage \u00e0 Marseille, une soir\u00e9e d\u2019ouverture en entr\u00e9e libre, au Th\u00e9\u00e2tre Silvain\u2026<br \/>\n\u00ab\u00a0Et quoi, est-il besoin de le pr\u00e9ciser, qu&rsquo;y a-t-il de plus r\u00e9jouissant, que de projeter, pour son bapt\u00eame du feu, ce film \u00e0 quelques m\u00e8tres de l\u00e0 o\u00f9 il aura \u00e9t\u00e9 tourn\u00e9?\u00a0\u00bb<br \/>\nJean-Pierre Rehm<\/p>\n","protected":false},"excerpt":{"rendered":"<p>[audio:http:\/\/www.madehok.com\/_lesTransversales\/wp-content\/audio\/Transversales_JeanpierreRehm_1.mp3|titles=Les Transversales du 05 O7 2016] [audio:http:\/\/www.madehok.com\/_lesTransversales\/wp-content\/audio\/Transversales_JeanpierreRehm_2.mp3|titles=Les Transversales du 06 O7 2016] [audio:http:\/\/www.madehok.com\/_lesTransversales\/wp-content\/audio\/Transversales_JeanpierreRehm_3.mp3|titles=Les Transversales du 07 07 2016] O\u00f9 il est question de cin\u00e9ma, du Fidmarseille dont c\u2019est cette ann\u00e9e la 27\u00e8me \u00e9dition. Le festival international de cin\u00e9ma de Marseille, c\u2019est \u00e0 partir de mardi prochain 12 juillet et jusqu\u2019au 18 juillet une nouvelle \u00e9dition [&hellip;]<\/p>\n","protected":false},"author":1,"featured_media":0,"comment_status":"open","ping_status":"open","sticky":false,"template":"","format":"standard","meta":{"footnotes":""},"categories":[1],"tags":[],"_links":{"self":[{"href":"https:\/\/www.madehok.com\/_lesTransversales\/index.php?rest_route=\/wp\/v2\/posts\/2402"}],"collection":[{"href":"https:\/\/www.madehok.com\/_lesTransversales\/index.php?rest_route=\/wp\/v2\/posts"}],"about":[{"href":"https:\/\/www.madehok.com\/_lesTransversales\/index.php?rest_route=\/wp\/v2\/types\/post"}],"author":[{"embeddable":true,"href":"https:\/\/www.madehok.com\/_lesTransversales\/index.php?rest_route=\/wp\/v2\/users\/1"}],"replies":[{"embeddable":true,"href":"https:\/\/www.madehok.com\/_lesTransversales\/index.php?rest_route=%2Fwp%2Fv2%2Fcomments&post=2402"}],"version-history":[{"count":13,"href":"https:\/\/www.madehok.com\/_lesTransversales\/index.php?rest_route=\/wp\/v2\/posts\/2402\/revisions"}],"predecessor-version":[{"id":2404,"href":"https:\/\/www.madehok.com\/_lesTransversales\/index.php?rest_route=\/wp\/v2\/posts\/2402\/revisions\/2404"}],"wp:attachment":[{"href":"https:\/\/www.madehok.com\/_lesTransversales\/index.php?rest_route=%2Fwp%2Fv2%2Fmedia&parent=2402"}],"wp:term":[{"taxonomy":"category","embeddable":true,"href":"https:\/\/www.madehok.com\/_lesTransversales\/index.php?rest_route=%2Fwp%2Fv2%2Fcategories&post=2402"},{"taxonomy":"post_tag","embeddable":true,"href":"https:\/\/www.madehok.com\/_lesTransversales\/index.php?rest_route=%2Fwp%2Fv2%2Ftags&post=2402"}],"curies":[{"name":"wp","href":"https:\/\/api.w.org\/{rel}","templated":true}]}}