{"id":3314,"date":"2021-05-15T17:02:45","date_gmt":"2021-05-15T17:02:45","guid":{"rendered":"http:\/\/www.madehok.com\/_lesTransversales\/?p=3314"},"modified":"2021-05-21T12:38:06","modified_gmt":"2021-05-21T12:38:06","slug":"anais-touchot-stephane-guglielmet","status":"publish","type":"post","link":"https:\/\/www.madehok.com\/_lesTransversales\/?p=3314","title":{"rendered":"Ana\u00efs Touchot, St\u00e9phane             Guglielmet"},"content":{"rendered":"\n<figure class=\"wp-block-image size-large is-resized\"><img loading=\"lazy\" decoding=\"async\" src=\"http:\/\/www.madehok.com\/_lesTransversales\/wp-content\/uploads\/2021\/05\/transversales-15-5-2021-768x1024.jpg\" alt=\"\" class=\"wp-image-3315\" width=\"662\" height=\"882\" srcset=\"https:\/\/www.madehok.com\/_lesTransversales\/wp-content\/uploads\/2021\/05\/transversales-15-5-2021-768x1024.jpg 768w, https:\/\/www.madehok.com\/_lesTransversales\/wp-content\/uploads\/2021\/05\/transversales-15-5-2021-225x300.jpg 225w, https:\/\/www.madehok.com\/_lesTransversales\/wp-content\/uploads\/2021\/05\/transversales-15-5-2021-1152x1536.jpg 1152w, https:\/\/www.madehok.com\/_lesTransversales\/wp-content\/uploads\/2021\/05\/transversales-15-5-2021-1536x2048.jpg 1536w, https:\/\/www.madehok.com\/_lesTransversales\/wp-content\/uploads\/2021\/05\/transversales-15-5-2021-scaled.jpg 1920w\" sizes=\"(max-width: 662px) 100vw, 662px\" \/><figcaption><br><br><\/figcaption><\/figure>\n\n\n\n<p>Ana\u00efs Touchot, est artiste, plasticienne, performeuse, \u00e0 la Galerie Territoires Partag\u00e9s, elle inaugure le Printemps de l&rsquo;art contemporain<\/p>\n\n\n\n<p>St\u00e9phane Guglielmet est galeriste,  il est  l\u2019initiateur et le fondateur de la Galerie Territoires Partag\u00e9s install\u00e9e au 81 rue de la Loubi\u00e8re  \u00e0 Marseille<\/p>\n\n\n\n<figure class=\"wp-block-audio\"><audio controls src=\"http:\/\/www.madehok.com\/_lesTransversales\/wp-content\/uploads\/2021\/05\/Transversales_SGuglielmet_1.mp3.mp3\"><\/audio><\/figure>\n\n\n\n<figure class=\"wp-block-audio\"><audio controls src=\"http:\/\/www.madehok.com\/_lesTransversales\/wp-content\/uploads\/2021\/05\/Transversales_SGuglielmet_2.mp3.mp3\"><\/audio><\/figure>\n\n\n\n<figure class=\"wp-block-audio\"><audio controls src=\"http:\/\/www.madehok.com\/_lesTransversales\/wp-content\/uploads\/2021\/05\/Transversales_SGuglielmet_3.mp3.mp3\"><\/audio><\/figure>\n\n\n\n<p><\/p>\n\n\n\n<p>Cette semaine il est  question d\u2019art contemporain avec la Galerie Territoires Partag\u00e9s, o\u00f9 il est  question d\u2019une galerie ambulante qui sillonne les routes du sud de la France depuis Nice et la vall\u00e9e de la Roya jusqu&rsquo;\u00e0 Turin dans le Pi\u00e9mont en passant par\u00a0 Abries.<\/p>\n\n\n\n<p>O\u00f9 il est  question aussi de la galerie du presbyt\u00e8re dans le quartier du Canet\u00a0 dans le 14eme arrondissement \u00e0 Marseille.<\/p>\n\n\n\n<p>enfin du Frac paca et de la villa Arson \u00e0 Nice.<\/p>\n\n\n\n<p>3 galeries , 3 territoires, un galeriste, St\u00e9phane Guglielmet en est l\u2019initiateur et le fondateur. Il est avec moi cette semaine,  il est accompagn\u00e9 d\u2019Ana\u00efs Touchot, artiste plasticienne dont on peut d\u00e9couvrir le travail \u00e0 l&rsquo;occasion de l&rsquo;inauguration du Printemps de l&rsquo;art contemporain d\u00e8s le jeudi 13\u00a0 mai \u00e0 la Galerie Territoires Partag\u00e9s<\/p>\n","protected":false},"excerpt":{"rendered":"<p>Ana\u00efs Touchot, est artiste, plasticienne, performeuse, \u00e0 la Galerie Territoires Partag\u00e9s, elle inaugure le Printemps de l&rsquo;art contemporain St\u00e9phane Guglielmet est galeriste, il est l\u2019initiateur et le fondateur de la Galerie Territoires Partag\u00e9s install\u00e9e au 81 rue de la Loubi\u00e8re \u00e0 Marseille Cette semaine il est question d\u2019art contemporain avec la Galerie Territoires Partag\u00e9s, o\u00f9 [&hellip;]<\/p>\n","protected":false},"author":1,"featured_media":0,"comment_status":"open","ping_status":"open","sticky":false,"template":"","format":"standard","meta":{"footnotes":""},"categories":[1],"tags":[],"_links":{"self":[{"href":"https:\/\/www.madehok.com\/_lesTransversales\/index.php?rest_route=\/wp\/v2\/posts\/3314"}],"collection":[{"href":"https:\/\/www.madehok.com\/_lesTransversales\/index.php?rest_route=\/wp\/v2\/posts"}],"about":[{"href":"https:\/\/www.madehok.com\/_lesTransversales\/index.php?rest_route=\/wp\/v2\/types\/post"}],"author":[{"embeddable":true,"href":"https:\/\/www.madehok.com\/_lesTransversales\/index.php?rest_route=\/wp\/v2\/users\/1"}],"replies":[{"embeddable":true,"href":"https:\/\/www.madehok.com\/_lesTransversales\/index.php?rest_route=%2Fwp%2Fv2%2Fcomments&post=3314"}],"version-history":[{"count":3,"href":"https:\/\/www.madehok.com\/_lesTransversales\/index.php?rest_route=\/wp\/v2\/posts\/3314\/revisions"}],"predecessor-version":[{"id":3321,"href":"https:\/\/www.madehok.com\/_lesTransversales\/index.php?rest_route=\/wp\/v2\/posts\/3314\/revisions\/3321"}],"wp:attachment":[{"href":"https:\/\/www.madehok.com\/_lesTransversales\/index.php?rest_route=%2Fwp%2Fv2%2Fmedia&parent=3314"}],"wp:term":[{"taxonomy":"category","embeddable":true,"href":"https:\/\/www.madehok.com\/_lesTransversales\/index.php?rest_route=%2Fwp%2Fv2%2Fcategories&post=3314"},{"taxonomy":"post_tag","embeddable":true,"href":"https:\/\/www.madehok.com\/_lesTransversales\/index.php?rest_route=%2Fwp%2Fv2%2Ftags&post=3314"}],"curies":[{"name":"wp","href":"https:\/\/api.w.org\/{rel}","templated":true}]}}