{"id":4048,"date":"2023-06-28T12:48:37","date_gmt":"2023-06-28T12:48:37","guid":{"rendered":"http:\/\/www.madehok.com\/_lesTransversales\/?p=4048"},"modified":"2023-07-10T13:06:53","modified_gmt":"2023-07-10T13:06:53","slug":"odile-lecour-maxime-vagner-lise-massal-a-propos-de-la-maison-du-chant-et-de-prodigart","status":"publish","type":"post","link":"https:\/\/www.madehok.com\/_lesTransversales\/?p=4048","title":{"rendered":"Odile Lecour, Maxime Vagner, Lise Massal \u00e0 propos de la maison du Chant et de Prodig&rsquo;Art"},"content":{"rendered":"\n<p>Lise Massal,  artiste associ\u00e9e \u00e0 la Maison du chant,  conteuse et cheffe de ch\u0153ur.<\/p>\n\n\n\n<figure class=\"wp-block-image size-large\"><a href=\"http:\/\/www.madehok.com\/_lesTransversales\/wp-content\/uploads\/2023\/06\/IMG-0271-scaled.jpg\"><img loading=\"lazy\" decoding=\"async\" width=\"1024\" height=\"768\" src=\"http:\/\/www.madehok.com\/_lesTransversales\/wp-content\/uploads\/2023\/06\/IMG-0271-1024x768.jpg\" alt=\"\" class=\"wp-image-4051\" srcset=\"https:\/\/www.madehok.com\/_lesTransversales\/wp-content\/uploads\/2023\/06\/IMG-0271-1024x768.jpg 1024w, https:\/\/www.madehok.com\/_lesTransversales\/wp-content\/uploads\/2023\/06\/IMG-0271-300x225.jpg 300w, https:\/\/www.madehok.com\/_lesTransversales\/wp-content\/uploads\/2023\/06\/IMG-0271-768x576.jpg 768w, https:\/\/www.madehok.com\/_lesTransversales\/wp-content\/uploads\/2023\/06\/IMG-0271-1536x1152.jpg 1536w, https:\/\/www.madehok.com\/_lesTransversales\/wp-content\/uploads\/2023\/06\/IMG-0271-2048x1536.jpg 2048w\" sizes=\"(max-width: 1024px) 100vw, 1024px\" \/><\/a><\/figure>\n\n\n\n<figure class=\"wp-block-audio\"><audio controls src=\"http:\/\/www.madehok.com\/_lesTransversales\/wp-content\/uploads\/2023\/07\/Transversales_ProdigartOLecour_1.mp3\"><\/audio><\/figure>\n\n\n\n<figure class=\"wp-block-audio\"><audio controls src=\"http:\/\/www.madehok.com\/_lesTransversales\/wp-content\/uploads\/2023\/07\/Transversales_OLecourMVagner_2bis.m4a\"><\/audio><\/figure>\n\n\n\n<figure class=\"wp-block-audio\"><audio controls src=\"http:\/\/www.madehok.com\/_lesTransversales\/wp-content\/uploads\/2023\/07\/Transversales_OLecourMVagner_3bis.m4a\"><\/audio><\/figure>\n\n\n<p>O\u00f9 il est&nbsp; question de musique, du chant, de la voix , avec Odile Lecour directrice artistique de la Maison du chant, et Maxime Vagner directeur de Prodig&rsquo; Art.<\/p>\n<p>L&rsquo;occasion pour eux de partager avec nous l&rsquo;officialisation de leur nouveau compagnonnage. O\u00f9 il est question du chant comme une langue maternelle, de chants d\u2019exils et de r\u00e9sistances avec Lise Massal, chanteuse, artiste conteuse, cheffe de ch\u0153ur .<\/p>\n<p>&nbsp;O\u00f9 il est question de Mathieu Verdeil&nbsp; et&nbsp; Lamine Diagne.<\/p>\n<p>&nbsp;Marseille et&nbsp; ses bas fonds ,&nbsp; Marseille dans les ann\u00e9es 20.<\/p>\n<p>O\u00f9 il est question du Festival Jazz des 5 Continents, \u00ab KAY, lettres \u00e0 un po\u00e8te disparu \u00bb pens\u00e9 comme un concert en images, spectacle autour de Claude Mac Kay qui fera l&rsquo;ouverture du Festival Marseille Jazz des 5 continents \u00e0 20:30 au Th\u00e9\u00e2tre de la Sucri\u00e8re. le Samedi 8 Juillet<\/p>\n<p>Un projet propos\u00e9 par : Matthieu Verdeil et Lamine Diagne &#8211; Cr\u00e9ation musicale : Lamine Diagne<\/p>\n<p>Un spectacle qui&nbsp; s\u2019inscrit par ailleurs dans l\u2019ann\u00e9e McKAY, avec Christiane Taubira.<\/p>\n<p><\/p>\n<p>extraits sonores:<\/p>\n<p><a href=\"https:\/\/www.youtube.com\/watch?v=vWPwryU6feo\">https:\/\/www.youtube.com\/watch?v=vWPwryU6feo<\/a> la vie de Claude Mc Kay&nbsp; <\/p>\n\n\n<p><a href=\"https:\/\/www.youtube.com\/watch?v=7o_Y3FALzyU&amp;list=RD7o_Y3FALzyU&amp;start_radio=1&amp;rv=7o_Y3FALzyU&amp;t=54\"><strong>1Aria from Les p\u00eacheurs de perles by Georges Bizet. Recording from 1960.<\/strong><\/a><\/p>\n\n\n\n<p><a href=\"https:\/\/www.youtube.com\/watch?v=JUDOYYn-_dI\">DEBOUT ! POUR LA FEMME, LA VIE , LA LIBERT\u00c9 ! \u0628\u0631\u067e\u0627\u062e\u06cc\u0632! \u0628\u0631\u0627\u06cc \u0632\u0646 \u0632\u0646\u062f\u06af\u06cc \u0622\u0632\u0627\u062f\u06cc!<\/a><\/p>\n\n\n\n<p>Tutte Quante , le ch\u0153ur de femmes dirig\u00e9 par Lise Massal<\/p>\n\n\n\n<p> Siamo un grupo &#8211; <strong>chant de mondines italien<\/strong>s<\/p>\n\n\n\n<p>&nbsp; ISOKE  chant Nigerien<\/p>\n","protected":false},"excerpt":{"rendered":"<p>Lise Massal, artiste associ\u00e9e \u00e0 la Maison du chant, conteuse et cheffe de ch\u0153ur. O\u00f9 il est&nbsp; question de musique, du chant, de la voix , avec Odile Lecour directrice artistique de la Maison du chant, et Maxime Vagner directeur de Prodig&rsquo; Art. L&rsquo;occasion pour eux de partager avec nous l&rsquo;officialisation de leur nouveau compagnonnage. [&hellip;]<\/p>\n","protected":false},"author":1,"featured_media":0,"comment_status":"open","ping_status":"open","sticky":false,"template":"","format":"standard","meta":{"footnotes":""},"categories":[1],"tags":[],"_links":{"self":[{"href":"https:\/\/www.madehok.com\/_lesTransversales\/index.php?rest_route=\/wp\/v2\/posts\/4048"}],"collection":[{"href":"https:\/\/www.madehok.com\/_lesTransversales\/index.php?rest_route=\/wp\/v2\/posts"}],"about":[{"href":"https:\/\/www.madehok.com\/_lesTransversales\/index.php?rest_route=\/wp\/v2\/types\/post"}],"author":[{"embeddable":true,"href":"https:\/\/www.madehok.com\/_lesTransversales\/index.php?rest_route=\/wp\/v2\/users\/1"}],"replies":[{"embeddable":true,"href":"https:\/\/www.madehok.com\/_lesTransversales\/index.php?rest_route=%2Fwp%2Fv2%2Fcomments&post=4048"}],"version-history":[{"count":14,"href":"https:\/\/www.madehok.com\/_lesTransversales\/index.php?rest_route=\/wp\/v2\/posts\/4048\/revisions"}],"predecessor-version":[{"id":4082,"href":"https:\/\/www.madehok.com\/_lesTransversales\/index.php?rest_route=\/wp\/v2\/posts\/4048\/revisions\/4082"}],"wp:attachment":[{"href":"https:\/\/www.madehok.com\/_lesTransversales\/index.php?rest_route=%2Fwp%2Fv2%2Fmedia&parent=4048"}],"wp:term":[{"taxonomy":"category","embeddable":true,"href":"https:\/\/www.madehok.com\/_lesTransversales\/index.php?rest_route=%2Fwp%2Fv2%2Fcategories&post=4048"},{"taxonomy":"post_tag","embeddable":true,"href":"https:\/\/www.madehok.com\/_lesTransversales\/index.php?rest_route=%2Fwp%2Fv2%2Ftags&post=4048"}],"curies":[{"name":"wp","href":"https:\/\/api.w.org\/{rel}","templated":true}]}}