{"id":489,"date":"2012-07-02T12:18:22","date_gmt":"2012-07-02T12:18:22","guid":{"rendered":"http:\/\/www.madehok.com\/_lesTransversales\/?p=489"},"modified":"2012-07-03T11:43:45","modified_gmt":"2012-07-03T11:43:45","slug":"489","status":"publish","type":"post","link":"https:\/\/www.madehok.com\/_lesTransversales\/?p=489","title":{"rendered":"Serge Necker et Ioanna Manzanares, La Buzine, Maison des Cin\u00e9matographies de la Mediterran\u00e9e"},"content":{"rendered":"<p><a href=\"http:\/\/www.madehok.com\/_lesTransversales\/wp-content\/uploads\/2012\/07\/photo1.jpg\"><img loading=\"lazy\" decoding=\"async\" src=\"http:\/\/www.madehok.com\/_lesTransversales\/wp-content\/uploads\/2012\/07\/photo1-300x225.jpg\" alt=\"\" title=\"photo\" width=\"300\" height=\"225\" class=\"alignleft size-medium wp-image-497\" srcset=\"https:\/\/www.madehok.com\/_lesTransversales\/wp-content\/uploads\/2012\/07\/photo1-300x225.jpg 300w, https:\/\/www.madehok.com\/_lesTransversales\/wp-content\/uploads\/2012\/07\/photo1.jpg 640w\" sizes=\"(max-width: 300px) 100vw, 300px\" \/><\/a><\/p>\n<p>[audio:http:\/\/www.madehok.com\/_lesTransversales\/wp-content\/audio<br \/>\n\/Transversales_LaBuzine_1.mp3|titles=Les Transversales du 03 Juillet 2012]<br \/>\n[audio:http:\/\/www.madehok.com\/_lesTransversales\/wp-content\/audio<br \/>\n\/Transversales_LaBuzine_2.mp3|titles=Les Transversales du 04 Juillet 2012]<br \/>\n[audio:http:\/\/www.madehok.com\/_lesTransversales\/wp-content\/audio<br \/>\n\/Transversales_LaBuzine_3.mp3|titles=Les Transversales du 05 Juillet 2012]<\/p>\n<p>Entretien avec Serge Necker, directeur de la Buzine, \u00ab\u00a0Maison des Cin\u00e9matographies de la M\u00e9diterran\u00e9e\u00a0\u00bb<br \/>\net Ioanna Manzanares en charge de la programmation<\/p>\n<p>Diffus\u00e9 les <strong> 03, 04 et 05 Juillet 2012 <a href=<\/strong> sur Radio JM<\/p>\n","protected":false},"excerpt":{"rendered":"<p>[audio:http:\/\/www.madehok.com\/_lesTransversales\/wp-content\/audio \/Transversales_LaBuzine_1.mp3|titles=Les Transversales du 03 Juillet 2012] [audio:http:\/\/www.madehok.com\/_lesTransversales\/wp-content\/audio \/Transversales_LaBuzine_2.mp3|titles=Les Transversales du 04 Juillet 2012] [audio:http:\/\/www.madehok.com\/_lesTransversales\/wp-content\/audio \/Transversales_LaBuzine_3.mp3|titles=Les Transversales du 05 Juillet 2012] Entretien avec Serge Necker, directeur de la Buzine, \u00ab\u00a0Maison des Cin\u00e9matographies de la M\u00e9diterran\u00e9e\u00a0\u00bb et Ioanna Manzanares en charge de la programmation Diffus\u00e9 les 03, 04 et 05 Juillet 2012<\/p>\n","protected":false},"author":1,"featured_media":0,"comment_status":"open","ping_status":"open","sticky":false,"template":"","format":"standard","meta":{"footnotes":""},"categories":[1],"tags":[],"_links":{"self":[{"href":"https:\/\/www.madehok.com\/_lesTransversales\/index.php?rest_route=\/wp\/v2\/posts\/489"}],"collection":[{"href":"https:\/\/www.madehok.com\/_lesTransversales\/index.php?rest_route=\/wp\/v2\/posts"}],"about":[{"href":"https:\/\/www.madehok.com\/_lesTransversales\/index.php?rest_route=\/wp\/v2\/types\/post"}],"author":[{"embeddable":true,"href":"https:\/\/www.madehok.com\/_lesTransversales\/index.php?rest_route=\/wp\/v2\/users\/1"}],"replies":[{"embeddable":true,"href":"https:\/\/www.madehok.com\/_lesTransversales\/index.php?rest_route=%2Fwp%2Fv2%2Fcomments&post=489"}],"version-history":[{"count":8,"href":"https:\/\/www.madehok.com\/_lesTransversales\/index.php?rest_route=\/wp\/v2\/posts\/489\/revisions"}],"predecessor-version":[{"id":499,"href":"https:\/\/www.madehok.com\/_lesTransversales\/index.php?rest_route=\/wp\/v2\/posts\/489\/revisions\/499"}],"wp:attachment":[{"href":"https:\/\/www.madehok.com\/_lesTransversales\/index.php?rest_route=%2Fwp%2Fv2%2Fmedia&parent=489"}],"wp:term":[{"taxonomy":"category","embeddable":true,"href":"https:\/\/www.madehok.com\/_lesTransversales\/index.php?rest_route=%2Fwp%2Fv2%2Fcategories&post=489"},{"taxonomy":"post_tag","embeddable":true,"href":"https:\/\/www.madehok.com\/_lesTransversales\/index.php?rest_route=%2Fwp%2Fv2%2Ftags&post=489"}],"curies":[{"name":"wp","href":"https:\/\/api.w.org\/{rel}","templated":true}]}}